{"id":119,"date":"2012-07-11T07:23:02","date_gmt":"2012-07-11T06:23:02","guid":{"rendered":"http:\/\/blogs.hoy.es\/migas-canas\/?p=119"},"modified":"2012-07-11T07:23:02","modified_gmt":"2012-07-11T06:23:02","slug":"insolidarios","status":"publish","type":"post","link":"https:\/\/blogs.hoy.es\/migas-canas\/2012\/07\/11\/insolidarios\/","title":{"rendered":"INSOLIDARIOS"},"content":{"rendered":"<p>Disminuye el sueldo, aumenta la jornada laboral, Sube el IVA, la luz, el agua, la gasolina, aumenta la lista de paro. Un panorama desolador, un verano triste. Todo esto que solo son n\u00fameros y cifras tambi\u00e9n afecta al \u00e1nimo y altera los comportamientos. Estamos perdiendo la capacidad de  piedad , bajan el sueldo a los funcionarios y los que no lo son se alegran. Dice Montoro que sube el IVA porque los que tienen que pagar no pagan, y con esto \u00bfque quiere decir?, \u00bfque los ciudadanos nos denunciemos unos a otros y nos enfrentemos? Mejor ser\u00eda que emplearan los medios para que  esto no sucediese. Ya no somos solidarios, cada uno hace la guerra por su cuenta, los mineros caminan solos, los hospitales salen a la puerta, los profesores se visten de verde, pero el maestro no apoya al ATS. Ni los funcionarios interinos a los parados de larga duraci\u00f3n, cada uno defiende lo suyo que es como no defender nada.<br \/>\nDe lo que se alegrar\u00eda toda la sociedad es que de que se bajaran el sueldo los  pol\u00edticos. Dec\u00edan que ni la sanidad ni la  ense\u00f1anza pero son ello los verdadero intocables de esta crisis. Dicen que los pol\u00edticos tienen que estar bien pagados, \u00bf acaso  los m\u00e9dicos, maestros,   administrativos,  bomberos&#8230; Tienen que estar mal pagados?<br \/>\nEl pa\u00eds es un paisaje de tijeras que como guada\u00f1as  arrasan Espa\u00f1a, unas tijeras que no solo sirve para llevar a la miseria a miles de ciudadanos sino  tambi\u00e9n  para volver\u00e1 a establecer  desigualdades sociales entre ricos y pobres volvemos a los Santos Inocentes a la limosna del se\u00f1orito<\/p>\n<!-- AddThis Advanced Settings generic via filter on the_content --><!-- AddThis Share Buttons generic via filter on the_content -->","protected":false},"excerpt":{"rendered":"<p>Disminuye el sueldo, aumenta la jornada laboral, Sube el IVA, la luz, el agua, la gasolina, aumenta la lista de paro. Un panorama desolador, un verano triste. Todo esto que solo son n\u00fameros y cifras tambi\u00e9n afecta al \u00e1nimo y altera los comportamientos. Estamos perdiendo la capacidad de piedad , bajan el sueldo a los [&hellip;]<!-- AddThis Advanced Settings generic via filter on get_the_excerpt --><!-- AddThis Share Buttons generic via filter on get_the_excerpt --><\/p>\n","protected":false},"author":10,"featured_media":0,"comment_status":"open","ping_status":"closed","sticky":false,"template":"","format":"standard","meta":[],"categories":[4],"tags":[],"_links":{"self":[{"href":"https:\/\/blogs.hoy.es\/migas-canas\/wp-json\/wp\/v2\/posts\/119"}],"collection":[{"href":"https:\/\/blogs.hoy.es\/migas-canas\/wp-json\/wp\/v2\/posts"}],"about":[{"href":"https:\/\/blogs.hoy.es\/migas-canas\/wp-json\/wp\/v2\/types\/post"}],"author":[{"embeddable":true,"href":"https:\/\/blogs.hoy.es\/migas-canas\/wp-json\/wp\/v2\/users\/10"}],"replies":[{"embeddable":true,"href":"https:\/\/blogs.hoy.es\/migas-canas\/wp-json\/wp\/v2\/comments?post=119"}],"version-history":[{"count":0,"href":"https:\/\/blogs.hoy.es\/migas-canas\/wp-json\/wp\/v2\/posts\/119\/revisions"}],"wp:attachment":[{"href":"https:\/\/blogs.hoy.es\/migas-canas\/wp-json\/wp\/v2\/media?parent=119"}],"wp:term":[{"taxonomy":"category","embeddable":true,"href":"https:\/\/blogs.hoy.es\/migas-canas\/wp-json\/wp\/v2\/categories?post=119"},{"taxonomy":"post_tag","embeddable":true,"href":"https:\/\/blogs.hoy.es\/migas-canas\/wp-json\/wp\/v2\/tags?post=119"}],"curies":[{"name":"wp","href":"https:\/\/api.w.org\/{rel}","templated":true}]}}