{"id":1194,"date":"2017-09-30T22:13:50","date_gmt":"2017-09-30T21:13:50","guid":{"rendered":"http:\/\/blogs.hoy.es\/migas-canas\/?p=1194"},"modified":"2017-10-01T19:03:16","modified_gmt":"2017-10-01T18:03:16","slug":"en-casa","status":"publish","type":"post","link":"https:\/\/blogs.hoy.es\/migas-canas\/2017\/09\/30\/en-casa\/","title":{"rendered":"A LA INTEMPERIE"},"content":{"rendered":"<p class=\"western\"><a href=\"https:\/\/static-blogs.hoy.es\/wp-content\/uploads\/sites\/8\/2017\/09\/DSC01829-3.jpg\"><img loading=\"lazy\" class=\"alignnone size-full wp-image-1195\" src=\"https:\/\/static-blogs.hoy.es\/wp-content\/uploads\/sites\/8\/2017\/09\/DSC01829-3.jpg\" alt=\"dsc01829-3\" width=\"1330\" height=\"885\" srcset=\"https:\/\/static-blogs.hoy.es\/wp-content\/uploads\/sites\/8\/2017\/09\/DSC01829-3.jpg 1330w, https:\/\/static-blogs.hoy.es\/wp-content\/uploads\/sites\/8\/2017\/09\/DSC01829-3-300x200.jpg 300w, https:\/\/static-blogs.hoy.es\/wp-content\/uploads\/sites\/8\/2017\/09\/DSC01829-3-768x511.jpg 768w, https:\/\/static-blogs.hoy.es\/wp-content\/uploads\/sites\/8\/2017\/09\/DSC01829-3-1024x681.jpg 1024w\" sizes=\"(max-width: 1330px) 100vw, 1330px\" \/><\/a>Vuelvo\u00a0una noche m\u00e1s de la fiesta del universo, esa que tiene estrellas de colores y arco \u00edris en blanco y negro. Subo las escaleras borracho de mundo. Bebo\u00a0 otro trago de la botella sin fondo y vuelvo a tomar a peque\u00f1os sorbos sus\u00a0 caricias, sus gestos, sus palabras, su mirada de ojos marrones que ponen los tonos alegres al cuadro de la vida, un cuadro sin marco, sin l\u00edmites. Se acabaron los tangos tristes, los atardeceres deprimentes, las tardes de los domingos con soniquete a partidos de f\u00fatbol. Se acabaron los tiempos de huida, de bares nocturnos, de ambientes s\u00f3rdidos. Todo lo que quiero lo encuentro entre estas paredes blancas, su presencia lo llena todo. Aqu\u00ed est\u00e1 todo lo que quiero, Se acabaron aquello tiempos en los que ten\u00eda que bajar al bar para huir de mi, de la soledad,tambi\u00e9n de ella. de su sombra, eso ya no existe. Estas cuatro paredes encierran todo lo que necesito para vivir.<\/p>\n<p class=\"western\">Enciendo un cigarro. Abro las puertas. Voy a la terraza. \u00bf Qu\u00e9 hago? Si yo no fumo. Entonces me despierto, palpo al otro lado de la cama, sigue tan fr\u00edo y vac\u00edo como lo estuvo siempre.<\/p>\n<p class=\"western\">Pronto llegar\u00e1 la ma\u00f1ana y ser\u00e1 otro d\u00eda.<\/p>\n<p class=\"western\">\n<!-- AddThis Advanced Settings generic via filter on the_content --><!-- AddThis Share Buttons generic via filter on the_content -->","protected":false},"excerpt":{"rendered":"<p>Vuelvo\u00a0una noche m\u00e1s de la fiesta del universo, esa que tiene estrellas de colores y arco \u00edris en blanco y negro. Subo las escaleras borracho de mundo. Bebo\u00a0 otro trago de la botella sin fondo y vuelvo a tomar a peque\u00f1os sorbos sus\u00a0 caricias, sus gestos, sus palabras, su mirada de ojos marrones que ponen [&hellip;]<!-- AddThis Advanced Settings generic via filter on get_the_excerpt --><!-- AddThis Share Buttons generic via filter on get_the_excerpt --><\/p>\n","protected":false},"author":11,"featured_media":0,"comment_status":"open","ping_status":"closed","sticky":false,"template":"","format":"standard","meta":[],"categories":[3],"tags":[1222,990],"_links":{"self":[{"href":"https:\/\/blogs.hoy.es\/migas-canas\/wp-json\/wp\/v2\/posts\/1194"}],"collection":[{"href":"https:\/\/blogs.hoy.es\/migas-canas\/wp-json\/wp\/v2\/posts"}],"about":[{"href":"https:\/\/blogs.hoy.es\/migas-canas\/wp-json\/wp\/v2\/types\/post"}],"author":[{"embeddable":true,"href":"https:\/\/blogs.hoy.es\/migas-canas\/wp-json\/wp\/v2\/users\/11"}],"replies":[{"embeddable":true,"href":"https:\/\/blogs.hoy.es\/migas-canas\/wp-json\/wp\/v2\/comments?post=1194"}],"version-history":[{"count":6,"href":"https:\/\/blogs.hoy.es\/migas-canas\/wp-json\/wp\/v2\/posts\/1194\/revisions"}],"predecessor-version":[{"id":1201,"href":"https:\/\/blogs.hoy.es\/migas-canas\/wp-json\/wp\/v2\/posts\/1194\/revisions\/1201"}],"wp:attachment":[{"href":"https:\/\/blogs.hoy.es\/migas-canas\/wp-json\/wp\/v2\/media?parent=1194"}],"wp:term":[{"taxonomy":"category","embeddable":true,"href":"https:\/\/blogs.hoy.es\/migas-canas\/wp-json\/wp\/v2\/categories?post=1194"},{"taxonomy":"post_tag","embeddable":true,"href":"https:\/\/blogs.hoy.es\/migas-canas\/wp-json\/wp\/v2\/tags?post=1194"}],"curies":[{"name":"wp","href":"https:\/\/api.w.org\/{rel}","templated":true}]}}