{"id":1202,"date":"2017-10-09T22:03:00","date_gmt":"2017-10-09T21:03:00","guid":{"rendered":"http:\/\/blogs.hoy.es\/migas-canas\/?p=1202"},"modified":"2017-10-10T17:46:43","modified_gmt":"2017-10-10T16:46:43","slug":"no-quiero-escribir-sobre-puigdemont","status":"publish","type":"post","link":"https:\/\/blogs.hoy.es\/migas-canas\/2017\/10\/09\/no-quiero-escribir-sobre-puigdemont\/","title":{"rendered":"NO QUIERO ESCRIBIR SOBRE PUIGDEMONT"},"content":{"rendered":"<p class=\"western\"><a href=\"https:\/\/static-blogs.hoy.es\/wp-content\/uploads\/sites\/8\/2017\/10\/DSC00104.jpg\"><img loading=\"lazy\" class=\"alignnone size-full wp-image-1203\" src=\"https:\/\/static-blogs.hoy.es\/wp-content\/uploads\/sites\/8\/2017\/10\/DSC00104.jpg\" alt=\"dsc00104\" width=\"682\" height=\"454\" srcset=\"https:\/\/static-blogs.hoy.es\/wp-content\/uploads\/sites\/8\/2017\/10\/DSC00104.jpg 682w, https:\/\/static-blogs.hoy.es\/wp-content\/uploads\/sites\/8\/2017\/10\/DSC00104-300x200.jpg 300w\" sizes=\"(max-width: 682px) 100vw, 682px\" \/><\/a><strong>Se me pas\u00f3 septiembre sin escribir ninguna art\u00edculo titulado \u201cSeptiembre\u201d<\/strong>, as\u00ed que retomo algunas im\u00e1genes que no llegaron a tocar el papel y que circularon por mi la cabeza sin conocer el perfume adictivo de la tinta del peri\u00f3dico.<\/p>\n<p class=\"western\"><strong>En septiembre estuve de vacaciones<\/strong> y eso me permit\u00eda disfrutar de la ciudad como lo hac\u00eda cuando era un nini sin porvenir que solo paseaba y miraba, mucho antes de pertenecer al mundo de las obligaciones laborales, aquellos tiempos en los que no estaba acostumbrado a tener un euro en el bolsillo para entrar en un bar a tomar una ca\u00f1a, ni dos para un cup\u00f3n, ni siquiera usaba cartera y del bolsillo de atr\u00e1s del pantal\u00f3n sobresal\u00eda un pa\u00f1uelo rojo como el de<strong> Miguel Bos\u00e9<\/strong> en el que ten\u00eda puestas muchas esperanzas de seducci\u00f3n que no dieron el resultado esperado. Quiz\u00e1s porque la melena rubia del cantante se asemejaba en m\u00ed a la acaracolado del negro de <strong>Bony M<\/strong> y dentro de mi cabeza los sue\u00f1os ganaban a la realidad.<\/p>\n<p class=\"western\"><strong><a href=\"https:\/\/static-blogs.hoy.es\/wp-content\/uploads\/sites\/8\/2017\/10\/DSC00105-2.jpg\"><img loading=\"lazy\" class=\"alignnone size-full wp-image-1204\" src=\"https:\/\/static-blogs.hoy.es\/wp-content\/uploads\/sites\/8\/2017\/10\/DSC00105-2.jpg\" alt=\"dsc00105-2\" width=\"1330\" height=\"885\" srcset=\"https:\/\/static-blogs.hoy.es\/wp-content\/uploads\/sites\/8\/2017\/10\/DSC00105-2.jpg 1330w, https:\/\/static-blogs.hoy.es\/wp-content\/uploads\/sites\/8\/2017\/10\/DSC00105-2-300x200.jpg 300w, https:\/\/static-blogs.hoy.es\/wp-content\/uploads\/sites\/8\/2017\/10\/DSC00105-2-768x511.jpg 768w, https:\/\/static-blogs.hoy.es\/wp-content\/uploads\/sites\/8\/2017\/10\/DSC00105-2-1024x681.jpg 1024w\" sizes=\"(max-width: 1330px) 100vw, 1330px\" \/><\/a>Cuando uno lleva un tiempo de vacaciones se siente como si fuera otro<\/strong>; como si estuviera fuera del sistema; como si una persona nueva hubiese tomado tu cuerpo, hubiese vaciado la mente de la preocupaci\u00f3n diaria, del estr\u00e9s laboral, de esa lidia con los compa\u00f1eros de trabajo, probablemente las personas con las que m\u00e1s tiempo pasamos en nuestra vida sin haberlos elegidos.<\/p>\n<p class=\"western\"><strong>Todos los septiembre regreso para ser aquel joven<\/strong> que desconoc\u00eda los despertadores, las duchas matinales, las camisas de rayas, las batas blancas y terminar de vestirme frente al espejo del ascensor. Aquellos tiempos en los que se pod\u00eda admirar la belleza femenina por la calle sin ser calificado de machista. Ahora no se me ocurre mirar a una mujer guapa y mucho menos volver la cabeza como entonces. Ahora paso delante de ellas con la misma indiferencia que ellas han mostrado siempre ante\u00a0 mi, as\u00ed que cuando voy paseando por la calle solo veo a perros cagones, calles llenas de chicles pegados al suelo, papeleras vac\u00edas, todo al ritmo del tableteo de las baldosas de las aceras.<\/p>\n<p class=\"western\"><a href=\"https:\/\/static-blogs.hoy.es\/wp-content\/uploads\/sites\/8\/2017\/10\/DSC01045.jpg\"><img loading=\"lazy\" class=\"alignnone size-full wp-image-1205\" src=\"https:\/\/static-blogs.hoy.es\/wp-content\/uploads\/sites\/8\/2017\/10\/DSC01045.jpg\" alt=\"dsc01045\" width=\"682\" height=\"454\" srcset=\"https:\/\/static-blogs.hoy.es\/wp-content\/uploads\/sites\/8\/2017\/10\/DSC01045.jpg 682w, https:\/\/static-blogs.hoy.es\/wp-content\/uploads\/sites\/8\/2017\/10\/DSC01045-300x200.jpg 300w\" sizes=\"(max-width: 682px) 100vw, 682px\" \/><\/a>Termino el texto haci\u00e9ndome da\u00f1o en los dientes de apretarlos para no escribir de Catalu\u00f1a y poner el tono triste e irracional.<\/p>\n<p class=\"western\">Ojal\u00e1 que todas esas banderas de Espa\u00f1a que veo en los balcones sean tambi\u00e9n banderas blancas de paz.<\/p>\n<!-- AddThis Advanced Settings generic via filter on the_content --><!-- AddThis Share Buttons generic via filter on the_content -->","protected":false},"excerpt":{"rendered":"<p>Se me pas\u00f3 septiembre sin escribir ninguna art\u00edculo titulado \u201cSeptiembre\u201d, as\u00ed que retomo algunas im\u00e1genes que no llegaron a tocar el papel y que circularon por mi la cabeza sin conocer el perfume adictivo de la tinta del peri\u00f3dico. En septiembre estuve de vacaciones y eso me permit\u00eda disfrutar de la ciudad como lo hac\u00eda [&hellip;]<!-- AddThis Advanced Settings generic via filter on get_the_excerpt --><!-- AddThis Share Buttons generic via filter on get_the_excerpt --><\/p>\n","protected":false},"author":11,"featured_media":0,"comment_status":"open","ping_status":"closed","sticky":false,"template":"","format":"standard","meta":[],"categories":[2],"tags":[1224,1225,1226,1223,959],"_links":{"self":[{"href":"https:\/\/blogs.hoy.es\/migas-canas\/wp-json\/wp\/v2\/posts\/1202"}],"collection":[{"href":"https:\/\/blogs.hoy.es\/migas-canas\/wp-json\/wp\/v2\/posts"}],"about":[{"href":"https:\/\/blogs.hoy.es\/migas-canas\/wp-json\/wp\/v2\/types\/post"}],"author":[{"embeddable":true,"href":"https:\/\/blogs.hoy.es\/migas-canas\/wp-json\/wp\/v2\/users\/11"}],"replies":[{"embeddable":true,"href":"https:\/\/blogs.hoy.es\/migas-canas\/wp-json\/wp\/v2\/comments?post=1202"}],"version-history":[{"count":3,"href":"https:\/\/blogs.hoy.es\/migas-canas\/wp-json\/wp\/v2\/posts\/1202\/revisions"}],"predecessor-version":[{"id":1208,"href":"https:\/\/blogs.hoy.es\/migas-canas\/wp-json\/wp\/v2\/posts\/1202\/revisions\/1208"}],"wp:attachment":[{"href":"https:\/\/blogs.hoy.es\/migas-canas\/wp-json\/wp\/v2\/media?parent=1202"}],"wp:term":[{"taxonomy":"category","embeddable":true,"href":"https:\/\/blogs.hoy.es\/migas-canas\/wp-json\/wp\/v2\/categories?post=1202"},{"taxonomy":"post_tag","embeddable":true,"href":"https:\/\/blogs.hoy.es\/migas-canas\/wp-json\/wp\/v2\/tags?post=1202"}],"curies":[{"name":"wp","href":"https:\/\/api.w.org\/{rel}","templated":true}]}}