{"id":1212,"date":"2017-10-23T21:15:21","date_gmt":"2017-10-23T20:15:21","guid":{"rendered":"http:\/\/blogs.hoy.es\/migas-canas\/?p=1212"},"modified":"2017-10-26T15:07:48","modified_gmt":"2017-10-26T14:07:48","slug":"parceleros","status":"publish","type":"post","link":"https:\/\/blogs.hoy.es\/migas-canas\/2017\/10\/23\/parceleros\/","title":{"rendered":"PARCELEROS"},"content":{"rendered":"<p class=\"western\"><a href=\"https:\/\/static-blogs.hoy.es\/wp-content\/uploads\/sites\/8\/2017\/10\/DSC03324-2.jpg\"><img loading=\"lazy\" class=\"alignnone size-full wp-image-1213\" src=\"https:\/\/static-blogs.hoy.es\/wp-content\/uploads\/sites\/8\/2017\/10\/DSC03324-2.jpg\" alt=\"dsc03324-2\" width=\"1364\" height=\"908\" srcset=\"https:\/\/static-blogs.hoy.es\/wp-content\/uploads\/sites\/8\/2017\/10\/DSC03324-2.jpg 1364w, https:\/\/static-blogs.hoy.es\/wp-content\/uploads\/sites\/8\/2017\/10\/DSC03324-2-300x200.jpg 300w, https:\/\/static-blogs.hoy.es\/wp-content\/uploads\/sites\/8\/2017\/10\/DSC03324-2-768x511.jpg 768w, https:\/\/static-blogs.hoy.es\/wp-content\/uploads\/sites\/8\/2017\/10\/DSC03324-2-1024x682.jpg 1024w\" sizes=\"(max-width: 1364px) 100vw, 1364px\" \/><\/a>Entre el pueblo y el r\u00edo se extend\u00edan las parcelas. Las \u00faltimas llegaban hasta los eucaliptos. Cinco hect\u00e1rea de aquella tierra de secano convertida en regad\u00edo para cada agricultor. La mayor\u00eda sembraba tomates d\u00e1ndole al marr\u00f3n de la tierra una capa de color rojo vivo solo interrumpida por el claro de las besanas. En aquellos tiempos todav\u00eda no se hab\u00edan inventado los aspersores, ni el riego por goteo. El grifo que regulaba el mayor o menor flujo de agua eran los montones de tierra que se hac\u00edan con la azada para guiar el l\u00edquido por unos surcos u otros.<\/p>\n<p class=\"western\"><a href=\"https:\/\/static-blogs.hoy.es\/wp-content\/uploads\/sites\/8\/2017\/10\/DSC03170-2.jpg\"><img loading=\"lazy\" class=\"alignnone size-full wp-image-1214\" src=\"https:\/\/static-blogs.hoy.es\/wp-content\/uploads\/sites\/8\/2017\/10\/DSC03170-2.jpg\" alt=\"dsc03170-2\" width=\"1264\" height=\"841\" srcset=\"https:\/\/static-blogs.hoy.es\/wp-content\/uploads\/sites\/8\/2017\/10\/DSC03170-2.jpg 1264w, https:\/\/static-blogs.hoy.es\/wp-content\/uploads\/sites\/8\/2017\/10\/DSC03170-2-300x200.jpg 300w, https:\/\/static-blogs.hoy.es\/wp-content\/uploads\/sites\/8\/2017\/10\/DSC03170-2-768x511.jpg 768w, https:\/\/static-blogs.hoy.es\/wp-content\/uploads\/sites\/8\/2017\/10\/DSC03170-2-1024x681.jpg 1024w\" sizes=\"(max-width: 1264px) 100vw, 1264px\" \/><\/a>Los ni\u00f1os se entreten\u00edan poniendo nombre a los animales. Las golondrinas formaban como disciplinados soldados encima de los cables de la luz, vigilando la llegada de cazadores con escopetas de balines o muchachos con tiradores hechos con las gomas de las c\u00e1maras viejas de las bicicletas. Los parceleros se cargaban con la energ\u00eda del sol y el agua de lluvia que eran su gasolina, la sangre que flu\u00eda en el interior de rudos cuerpos curtidos a la <a href=\"https:\/\/static-blogs.hoy.es\/wp-content\/uploads\/sites\/8\/2017\/10\/DSC03028-2.jpg\"><img loading=\"lazy\" class=\"alignnone size-full wp-image-1215\" src=\"https:\/\/static-blogs.hoy.es\/wp-content\/uploads\/sites\/8\/2017\/10\/DSC03028-2.jpg\" alt=\"dsc03028-2\" width=\"1364\" height=\"908\" srcset=\"https:\/\/static-blogs.hoy.es\/wp-content\/uploads\/sites\/8\/2017\/10\/DSC03028-2.jpg 1364w, https:\/\/static-blogs.hoy.es\/wp-content\/uploads\/sites\/8\/2017\/10\/DSC03028-2-300x200.jpg 300w, https:\/\/static-blogs.hoy.es\/wp-content\/uploads\/sites\/8\/2017\/10\/DSC03028-2-768x511.jpg 768w, https:\/\/static-blogs.hoy.es\/wp-content\/uploads\/sites\/8\/2017\/10\/DSC03028-2-1024x682.jpg 1024w\" sizes=\"(max-width: 1364px) 100vw, 1364px\" \/><\/a>intemperie protegidos por un sombrero de paja.<\/p>\n<p class=\"western\">Hombres de campo fuertes y trabajadores que ten\u00edan como reloj el sol. Al caer la noche, sentados en sillas de enea, se charlaba de la siega y la siembra en el porche donde cuatro o cinco hijos jugaban en la puerta con otros cuatro o cinco ni\u00f1os del vecino de parcela con pelotas de trapo y cajas de cart\u00f3n. Los domingos se vest\u00edan de domingo y despu\u00e9s de misa se tomaban un vino en la taberna para seguir hablando de campo. Se com\u00eda del huerto, de las gallinas, de la vaca&#8230; En \u00e9poca de recolecci\u00f3n cog\u00edan l\u00e1piz y libreta para hacer unas cuentas que nunca sal\u00edan. Muchos de estos parceleros acabaron sus d\u00edas en la ciudad, en casa de esos hijos que jugaban en el porche, esos a los que se empe\u00f1aron en dar estudios para que no pasaran fr\u00edo en invierno, ni calor en <a href=\"https:\/\/static-blogs.hoy.es\/wp-content\/uploads\/sites\/8\/2017\/10\/DSC03049-2.jpg\"><img loading=\"lazy\" class=\"alignnone size-full wp-image-1216\" src=\"https:\/\/static-blogs.hoy.es\/wp-content\/uploads\/sites\/8\/2017\/10\/DSC03049-2.jpg\" alt=\"dsc03049-2\" width=\"1364\" height=\"908\" srcset=\"https:\/\/static-blogs.hoy.es\/wp-content\/uploads\/sites\/8\/2017\/10\/DSC03049-2.jpg 1364w, https:\/\/static-blogs.hoy.es\/wp-content\/uploads\/sites\/8\/2017\/10\/DSC03049-2-300x200.jpg 300w, https:\/\/static-blogs.hoy.es\/wp-content\/uploads\/sites\/8\/2017\/10\/DSC03049-2-768x511.jpg 768w, https:\/\/static-blogs.hoy.es\/wp-content\/uploads\/sites\/8\/2017\/10\/DSC03049-2-1024x682.jpg 1024w\" sizes=\"(max-width: 1364px) 100vw, 1364px\" \/><\/a>verano.<\/p>\n<p class=\"western\">Me he acordado de los parceleros despu\u00e9s de ver a uno de ellos cogiendo las aceitunas de un Olivo que hay al final de la Avenida Mar\u00eda Auxiliadora. Porque para los que han vivido en la libertad del campo les resulta dif\u00edcil adaptarse a las cuatro paredes de un piso al que hay que subir en ascensor.<\/p>\n<!-- AddThis Advanced Settings generic via filter on the_content --><!-- AddThis Share Buttons generic via filter on the_content -->","protected":false},"excerpt":{"rendered":"<p>Entre el pueblo y el r\u00edo se extend\u00edan las parcelas. Las \u00faltimas llegaban hasta los eucaliptos. Cinco hect\u00e1rea de aquella tierra de secano convertida en regad\u00edo para cada agricultor. La mayor\u00eda sembraba tomates d\u00e1ndole al marr\u00f3n de la tierra una capa de color rojo vivo solo interrumpida por el claro de las besanas. En aquellos [&hellip;]<!-- AddThis Advanced Settings generic via filter on get_the_excerpt --><!-- AddThis Share Buttons generic via filter on get_the_excerpt --><\/p>\n","protected":false},"author":11,"featured_media":0,"comment_status":"open","ping_status":"closed","sticky":false,"template":"","format":"standard","meta":[],"categories":[2],"tags":[1233,1240,1234,1237,1231,1236,1235,1229,1230,1232,1238,1239],"_links":{"self":[{"href":"https:\/\/blogs.hoy.es\/migas-canas\/wp-json\/wp\/v2\/posts\/1212"}],"collection":[{"href":"https:\/\/blogs.hoy.es\/migas-canas\/wp-json\/wp\/v2\/posts"}],"about":[{"href":"https:\/\/blogs.hoy.es\/migas-canas\/wp-json\/wp\/v2\/types\/post"}],"author":[{"embeddable":true,"href":"https:\/\/blogs.hoy.es\/migas-canas\/wp-json\/wp\/v2\/users\/11"}],"replies":[{"embeddable":true,"href":"https:\/\/blogs.hoy.es\/migas-canas\/wp-json\/wp\/v2\/comments?post=1212"}],"version-history":[{"count":3,"href":"https:\/\/blogs.hoy.es\/migas-canas\/wp-json\/wp\/v2\/posts\/1212\/revisions"}],"predecessor-version":[{"id":1220,"href":"https:\/\/blogs.hoy.es\/migas-canas\/wp-json\/wp\/v2\/posts\/1212\/revisions\/1220"}],"wp:attachment":[{"href":"https:\/\/blogs.hoy.es\/migas-canas\/wp-json\/wp\/v2\/media?parent=1212"}],"wp:term":[{"taxonomy":"category","embeddable":true,"href":"https:\/\/blogs.hoy.es\/migas-canas\/wp-json\/wp\/v2\/categories?post=1212"},{"taxonomy":"post_tag","embeddable":true,"href":"https:\/\/blogs.hoy.es\/migas-canas\/wp-json\/wp\/v2\/tags?post=1212"}],"curies":[{"name":"wp","href":"https:\/\/api.w.org\/{rel}","templated":true}]}}