{"id":123,"date":"2012-07-18T09:03:27","date_gmt":"2012-07-18T08:03:27","guid":{"rendered":"http:\/\/blogs.hoy.es\/migas-canas\/?p=123"},"modified":"2012-07-18T09:03:27","modified_gmt":"2012-07-18T08:03:27","slug":"de-pepe-a-pena","status":"publish","type":"post","link":"https:\/\/blogs.hoy.es\/migas-canas\/2012\/07\/18\/de-pepe-a-pena\/","title":{"rendered":"DE PEPE A PE\u00d1A"},"content":{"rendered":"<p>En un peque\u00f1o local de la calle Stadium nunca he visto el cartel &#8220;se traspasa&#8221;. En los \u00faltimos 40 a\u00f1os solo ha cambiado de due\u00f1o en una ocasi\u00f3n por jubilaci\u00f3n. La barber\u00eda de Pepe ahora es la peluquer\u00eda de Pepa. El era un hombre bajito con voz varonil que siempre ten\u00eda la radio encendida, hacia honor a aquel viejo dicho de hablas m\u00e1s que un barbero. Estaba al d\u00eda de las noticias que interpretaba con el escepticismo de los que no le han regalado nada la vida, a su barber\u00eda solo iban hombres, un santuario donde se celebraba un espect\u00e1culo verbal cargado de met\u00e1foras picantes referidas a la mujer. Pepe, al que todos llamaban maestro, hac\u00eda gesto chulesco, un poco taurino,mov\u00eda las manos como si fuera a entrar a matar con tijeras y peina encima de cabezas peludas. A los clientes le recorr\u00eda un escalofr\u00edo cuando cortaba a la mitad las cuchillas filomanti para preparar la navaja de afeitar, parec\u00eda un cirujano a punto de intervenir. En la barber\u00eda tambi\u00e9n hab\u00eda tiempos muertos, silencios, donde se pod\u00eda o\u00edr en la radio aquellas reliquias de los discos dedicados, &#8220;para mi nieto Miguelito que cumpla tantos a\u00f1os como estrellas tiene el cielo y granos de arena el mar&#8221; En la barber\u00eda siempre hab\u00eda mucha gente pero no todos iban a pelarse, algunos asist\u00edan para participar de las tertulias taurinas y futboleras y de paso leer gratis el peri\u00f3dico. Hoy la peluquer\u00eda es la misma pero con distinto due\u00f1o, el dise\u00f1o ha cambiado, Mar\u00eda Jos\u00e9 ha suavizado la decoraci\u00f3n y todo el endurecimiento de establecimiento con olor a hombre lo ha dulcificado la mano sensible de una mujer tranquila y detallista. Las paredes son de colores suaves y las sillas de cocina han sido sustituidas por unas de dise\u00f1o, los clientes son los mismo pero con menos pelo, las palabras han adquirido la musicalidad de la sonrisa complaciente, de lo correcto, Ya no se habla de f\u00fatbol, ni de toros, ni de mujeres, De las paredes han desaparecido aquellos modelos masculinos con tupes y raya la lado por recortes del Hoy con la fotograf\u00eda de Fatima, la hija de la peluquera, recibiendo de manos de Celdr\u00e1n uno de los numerosos premios que tiene en nataci\u00f3n. Campeona de Badajoz de Extremadura y de Espa\u00f1a en su categor\u00eda. Por muy campe\u00f3n que seas si no sales en el peri\u00f3dico no eres nadie. Oye que sales en el HOY y eso da m\u00e1s valor a la medalla conseguida<\/p>\n<!-- AddThis Advanced Settings generic via filter on the_content --><!-- AddThis Share Buttons generic via filter on the_content -->","protected":false},"excerpt":{"rendered":"<p>En un peque\u00f1o local de la calle Stadium nunca he visto el cartel &#8220;se traspasa&#8221;. En los \u00faltimos 40 a\u00f1os solo ha cambiado de due\u00f1o en una ocasi\u00f3n por jubilaci\u00f3n. La barber\u00eda de Pepe ahora es la peluquer\u00eda de Pepa. El era un hombre bajito con voz varonil que siempre ten\u00eda la radio encendida, hacia [&hellip;]<!-- AddThis Advanced Settings generic via filter on get_the_excerpt --><!-- AddThis Share Buttons generic via filter on get_the_excerpt --><\/p>\n","protected":false},"author":10,"featured_media":0,"comment_status":"open","ping_status":"closed","sticky":false,"template":"","format":"standard","meta":[],"categories":[4],"tags":[],"_links":{"self":[{"href":"https:\/\/blogs.hoy.es\/migas-canas\/wp-json\/wp\/v2\/posts\/123"}],"collection":[{"href":"https:\/\/blogs.hoy.es\/migas-canas\/wp-json\/wp\/v2\/posts"}],"about":[{"href":"https:\/\/blogs.hoy.es\/migas-canas\/wp-json\/wp\/v2\/types\/post"}],"author":[{"embeddable":true,"href":"https:\/\/blogs.hoy.es\/migas-canas\/wp-json\/wp\/v2\/users\/10"}],"replies":[{"embeddable":true,"href":"https:\/\/blogs.hoy.es\/migas-canas\/wp-json\/wp\/v2\/comments?post=123"}],"version-history":[{"count":0,"href":"https:\/\/blogs.hoy.es\/migas-canas\/wp-json\/wp\/v2\/posts\/123\/revisions"}],"wp:attachment":[{"href":"https:\/\/blogs.hoy.es\/migas-canas\/wp-json\/wp\/v2\/media?parent=123"}],"wp:term":[{"taxonomy":"category","embeddable":true,"href":"https:\/\/blogs.hoy.es\/migas-canas\/wp-json\/wp\/v2\/categories?post=123"},{"taxonomy":"post_tag","embeddable":true,"href":"https:\/\/blogs.hoy.es\/migas-canas\/wp-json\/wp\/v2\/tags?post=123"}],"curies":[{"name":"wp","href":"https:\/\/api.w.org\/{rel}","templated":true}]}}