{"id":1232,"date":"2017-11-20T21:59:31","date_gmt":"2017-11-20T20:59:31","guid":{"rendered":"http:\/\/blogs.hoy.es\/migas-canas\/?p=1232"},"modified":"2017-11-20T21:59:31","modified_gmt":"2017-11-20T20:59:31","slug":"la-esquina-del-bar","status":"publish","type":"post","link":"https:\/\/blogs.hoy.es\/migas-canas\/2017\/11\/20\/la-esquina-del-bar\/","title":{"rendered":"LA ESQUINA DEL BAR"},"content":{"rendered":"<p class=\"western\"><a href=\"https:\/\/static-blogs.hoy.es\/wp-content\/uploads\/sites\/8\/2017\/11\/20171120_203658-2.jpg\"><img loading=\"lazy\" class=\"alignnone size-full wp-image-1233\" src=\"https:\/\/static-blogs.hoy.es\/wp-content\/uploads\/sites\/8\/2017\/11\/20171120_203658-2.jpg\" alt=\"20171120_203658-2\" width=\"975\" height=\"548\" srcset=\"https:\/\/static-blogs.hoy.es\/wp-content\/uploads\/sites\/8\/2017\/11\/20171120_203658-2.jpg 975w, https:\/\/static-blogs.hoy.es\/wp-content\/uploads\/sites\/8\/2017\/11\/20171120_203658-2-300x169.jpg 300w, https:\/\/static-blogs.hoy.es\/wp-content\/uploads\/sites\/8\/2017\/11\/20171120_203658-2-768x432.jpg 768w\" sizes=\"(max-width: 975px) 100vw, 975px\" \/><\/a>La esquina del bar es como un \u00fatero materno, como un l\u00edquido amni\u00f3tico de cerveza fr\u00eda y caf\u00e9 caliente que nos protege en esos d\u00edas en los que la soledad aprieta. La esquina del bar nos abraza cuando no tenemos a nadie a quien abrazar. La esquina del bar es el refugio de solitarios, observadores, tertulianos&#8230; Una esquina dotada con el don de parar relojes y esquivar navidades.<\/p>\n<p class=\"western\">En el<strong> bar el Paso<\/strong>, detr\u00e1s de los <strong>Maristas<\/strong>, todas las ma\u00f1anas nos disputamos la esquina tres clientes en esa primera hora del caf\u00e9 de salida, de la primera vuelta al peri\u00f3dico antes de entrar a trabajar.<\/p>\n<p class=\"western\"><a href=\"https:\/\/static-blogs.hoy.es\/wp-content\/uploads\/sites\/8\/2017\/11\/20171120_203638-2.jpg\"><img loading=\"lazy\" class=\"alignnone size-full wp-image-1234\" src=\"https:\/\/static-blogs.hoy.es\/wp-content\/uploads\/sites\/8\/2017\/11\/20171120_203638-2.jpg\" alt=\"20171120_203638-2\" width=\"1040\" height=\"585\" srcset=\"https:\/\/static-blogs.hoy.es\/wp-content\/uploads\/sites\/8\/2017\/11\/20171120_203638-2.jpg 1040w, https:\/\/static-blogs.hoy.es\/wp-content\/uploads\/sites\/8\/2017\/11\/20171120_203638-2-300x169.jpg 300w, https:\/\/static-blogs.hoy.es\/wp-content\/uploads\/sites\/8\/2017\/11\/20171120_203638-2-768x432.jpg 768w, https:\/\/static-blogs.hoy.es\/wp-content\/uploads\/sites\/8\/2017\/11\/20171120_203638-2-1024x576.jpg 1024w\" sizes=\"(max-width: 1040px) 100vw, 1040px\" \/><\/a><strong>El bar Le\u00f1ador<\/strong> est\u00e1 en la Banasta, junto al ventanal que da a la calle hay un rinc\u00f3n por el que entra una luz generosa para leer el peri\u00f3dico acompa\u00f1ado con un vino de Esparragosa y aperitivos de cuchara.<\/p>\n<p class=\"western\"><strong>El bar la Parad<\/strong>a tiene una esquina junto a la ventana donde puedes leer el peri\u00f3dico de espalda al sal\u00f3n sin la distracci\u00f3n del resto de clientes. se puede poner a t\u00f1u lado alg\u00fan conductor de autob\u00fas o Andr\u00e9s, un se\u00f1or mayor de agradable conversaci\u00f3n.<\/p>\n<p class=\"western\"><strong> En los pasajes de Zafer est\u00e1 el Emigrante ahora conocido como bar de Nino<\/strong>, este bar tiene una solicitada esquina los d\u00edas de F\u00fatbol donde casi siempre est\u00e1 Monchi. Este era el bar del llorado Angel de Universitas. El corcho del tabl\u00f3n de anuncio lo preside una foto suya con un poema. Todo lo que pueda escribir de Angelito ya lo ha hecho antes mejor que yo Alvarez Buiza.<\/p>\n<p class=\"western\"><strong> En San Roque est\u00e1 el bar Calle Trece<\/strong> que tiene unas vistas excepcionales a la Plaza de la Iglesia de la Concepci\u00f3n desde donde sale la procesi\u00f3n de la borriquita y del silencio. Una esquina donde puedes disfrutar con los colores de los \u00e1rboles en oto\u00f1o y la fachada de la Iglesia mientras tomas una cerveza con un generoso aperitivo.<\/p>\n<p class=\"western\">En la esquina del<strong> bar el Cortijo del Coraz\u00f3n de Jes\u00fas<\/strong> puedes encontrar los domingos, desayunando migas, cachuela o zurrapa a hombres del campo, cazadores,funcionarios de prisiones, columnistas del HOY, mujeres de presos de ETA hablando en eusquera,ese lenguaje de dif\u00edcil fon\u00e9tica un lenguaje duro, de piedra.<\/p>\n<p class=\"western\"><a href=\"https:\/\/static-blogs.hoy.es\/wp-content\/uploads\/sites\/8\/2017\/11\/DSC03748-2.jpg\"><img loading=\"lazy\" class=\"alignnone size-full wp-image-1235\" src=\"https:\/\/static-blogs.hoy.es\/wp-content\/uploads\/sites\/8\/2017\/11\/DSC03748-2.jpg\" alt=\"dsc03748-2\" width=\"1363\" height=\"908\" srcset=\"https:\/\/static-blogs.hoy.es\/wp-content\/uploads\/sites\/8\/2017\/11\/DSC03748-2.jpg 1363w, https:\/\/static-blogs.hoy.es\/wp-content\/uploads\/sites\/8\/2017\/11\/DSC03748-2-300x200.jpg 300w, https:\/\/static-blogs.hoy.es\/wp-content\/uploads\/sites\/8\/2017\/11\/DSC03748-2-768x512.jpg 768w, https:\/\/static-blogs.hoy.es\/wp-content\/uploads\/sites\/8\/2017\/11\/DSC03748-2-1024x682.jpg 1024w\" sizes=\"(max-width: 1363px) 100vw, 1363px\" \/><\/a>Mi esquina es la del bar que hay debajo de mi piso, una esquina que es la prolongaci\u00f3n de mi sal\u00f3n donde voy con la misma naturalidad que a mi cocina. Entro despu\u00e9s de tirar la basura con ropa de estar en casa. Esa esquina es mi esquina. mi \u00fatero materno donde la banqueta de madera es el m\u00e1s c\u00f3modo de los sillones, siento ese rinc\u00f3n tan m\u00edo como lo siente Romy,su propietaria.<\/p>\n<!-- AddThis Advanced Settings generic via filter on the_content --><!-- AddThis Share Buttons generic via filter on the_content -->","protected":false},"excerpt":{"rendered":"<p>La esquina del bar es como un \u00fatero materno, como un l\u00edquido amni\u00f3tico de cerveza fr\u00eda y caf\u00e9 caliente que nos protege en esos d\u00edas en los que la soledad aprieta. La esquina del bar nos abraza cuando no tenemos a nadie a quien abrazar. La esquina del bar es el refugio de solitarios, observadores, [&hellip;]<!-- AddThis Advanced Settings generic via filter on get_the_excerpt --><!-- AddThis Share Buttons generic via filter on get_the_excerpt --><\/p>\n","protected":false},"author":11,"featured_media":0,"comment_status":"open","ping_status":"closed","sticky":false,"template":"","format":"standard","meta":[],"categories":[1],"tags":[1253,1255,1254,1252,120,1251,1257,1258,1256,1259,1260,945],"_links":{"self":[{"href":"https:\/\/blogs.hoy.es\/migas-canas\/wp-json\/wp\/v2\/posts\/1232"}],"collection":[{"href":"https:\/\/blogs.hoy.es\/migas-canas\/wp-json\/wp\/v2\/posts"}],"about":[{"href":"https:\/\/blogs.hoy.es\/migas-canas\/wp-json\/wp\/v2\/types\/post"}],"author":[{"embeddable":true,"href":"https:\/\/blogs.hoy.es\/migas-canas\/wp-json\/wp\/v2\/users\/11"}],"replies":[{"embeddable":true,"href":"https:\/\/blogs.hoy.es\/migas-canas\/wp-json\/wp\/v2\/comments?post=1232"}],"version-history":[{"count":1,"href":"https:\/\/blogs.hoy.es\/migas-canas\/wp-json\/wp\/v2\/posts\/1232\/revisions"}],"predecessor-version":[{"id":1236,"href":"https:\/\/blogs.hoy.es\/migas-canas\/wp-json\/wp\/v2\/posts\/1232\/revisions\/1236"}],"wp:attachment":[{"href":"https:\/\/blogs.hoy.es\/migas-canas\/wp-json\/wp\/v2\/media?parent=1232"}],"wp:term":[{"taxonomy":"category","embeddable":true,"href":"https:\/\/blogs.hoy.es\/migas-canas\/wp-json\/wp\/v2\/categories?post=1232"},{"taxonomy":"post_tag","embeddable":true,"href":"https:\/\/blogs.hoy.es\/migas-canas\/wp-json\/wp\/v2\/tags?post=1232"}],"curies":[{"name":"wp","href":"https:\/\/api.w.org\/{rel}","templated":true}]}}