{"id":1238,"date":"2017-12-08T22:17:52","date_gmt":"2017-12-08T21:17:52","guid":{"rendered":"http:\/\/blogs.hoy.es\/migas-canas\/?p=1238"},"modified":"2017-12-08T22:17:52","modified_gmt":"2017-12-08T21:17:52","slug":"fotografias","status":"publish","type":"post","link":"https:\/\/blogs.hoy.es\/migas-canas\/2017\/12\/08\/fotografias\/","title":{"rendered":"FOTOGRAF\u00cdAS"},"content":{"rendered":"<p class=\"western\"><a href=\"https:\/\/static-blogs.hoy.es\/wp-content\/uploads\/sites\/8\/2017\/12\/DSC04099-2.jpg\"><img loading=\"lazy\" class=\"alignnone size-full wp-image-1239\" src=\"https:\/\/static-blogs.hoy.es\/wp-content\/uploads\/sites\/8\/2017\/12\/DSC04099-2.jpg\" alt=\"dsc04099-2\" width=\"682\" height=\"454\" srcset=\"https:\/\/static-blogs.hoy.es\/wp-content\/uploads\/sites\/8\/2017\/12\/DSC04099-2.jpg 682w, https:\/\/static-blogs.hoy.es\/wp-content\/uploads\/sites\/8\/2017\/12\/DSC04099-2-300x200.jpg 300w\" sizes=\"(max-width: 682px) 100vw, 682px\" \/><\/a><strong>Voy andando por senderos de tierra<\/strong>. No ha llovido y las botas mueven el polvo a cada paso. Hay piedras y jaramagos que crecen sin orden en el camino. <strong>El cielo azulea como en un ma\u00f1ana de agosto<\/strong>, como un cuadro de<strong> Sorolla<\/strong>. El sol acecha escondido como un cazador detr\u00e1s de su camuflaje de pasto y pl\u00e1stico. <strong>Donde ten\u00eda que haber sombra hay sol y donde charcos tierra seca y estriada<\/strong>. De repente, como un espejismo, fiel a noviembre, aparecen los colores del oto\u00f1o a los lados del camino y el paseo se convierte en varios paseos: aqu\u00ed los ocres de las hojas en el suelo, all\u00ed el amarillo que todav\u00eda resiste en el \u00e1rbol . Me quedo quieto para ver esas pinceladas de la naturaleza. <strong>Miro y mirando acoto el campo<\/strong>. La vista se me va a ese espacio finito del encuadre que no tiene l\u00edmites en belleza y <strong>me acuerdo de Finicio. \u201cLa obra art\u00edstica solo representa un modelo reducido del universo\u201d.<\/strong> Saco la c\u00e1mara y disparo. Disparo para retener el instante, como si los momentos no fueran irrepetibles. <strong>Alg\u00fan d\u00eda dejar\u00e9 de fotografiar para disfrutar sin interrupci\u00f3n<\/strong>, no se puede atrapar la naturaleza que es lo mismo que retener el tiempo para que luego, en casa, sentado frente al ordenador, una foto sea incapaz de provocar lo que siento en el bosque, en el barbecho. Hay que pisar la tierra, o\u00edr caer las hojas, acariciar el p\u00e9talo de una flor. <strong>Mi ni\u00f1a corre sonriente hacia m\u00ed con las manos llenas de hojas secas y esa emoci\u00f3n no la puedo captar con la c\u00e1mara<\/strong>, la apago y sigo paseando de su mano.<\/p>\n<p class=\"western\"><a href=\"https:\/\/static-blogs.hoy.es\/wp-content\/uploads\/sites\/8\/2017\/12\/DSC04097-3.jpg\"><img loading=\"lazy\" class=\"alignnone size-full wp-image-1240\" src=\"https:\/\/static-blogs.hoy.es\/wp-content\/uploads\/sites\/8\/2017\/12\/DSC04097-3.jpg\" alt=\"dsc04097-3\" width=\"682\" height=\"454\" srcset=\"https:\/\/static-blogs.hoy.es\/wp-content\/uploads\/sites\/8\/2017\/12\/DSC04097-3.jpg 682w, https:\/\/static-blogs.hoy.es\/wp-content\/uploads\/sites\/8\/2017\/12\/DSC04097-3-300x200.jpg 300w\" sizes=\"(max-width: 682px) 100vw, 682px\" \/><\/a>Por el camino me cruzo con un corredor vestido de rojo, un pescador tira la ca\u00f1a protegido con unas botas de agua hasta la rodilla, una bandada de p\u00e1jaros blancos vuelan en formaci\u00f3n, un cardo borriquero parece que me <a href=\"https:\/\/static-blogs.hoy.es\/wp-content\/uploads\/sites\/8\/2017\/12\/DSC04023-2.jpg\"><img loading=\"lazy\" class=\"alignnone size-full wp-image-1241\" src=\"https:\/\/static-blogs.hoy.es\/wp-content\/uploads\/sites\/8\/2017\/12\/DSC04023-2.jpg\" alt=\"dsc04023-2\" width=\"682\" height=\"454\" srcset=\"https:\/\/static-blogs.hoy.es\/wp-content\/uploads\/sites\/8\/2017\/12\/DSC04023-2.jpg 682w, https:\/\/static-blogs.hoy.es\/wp-content\/uploads\/sites\/8\/2017\/12\/DSC04023-2-300x200.jpg 300w\" sizes=\"(max-width: 682px) 100vw, 682px\" \/><\/a>mira,como si quisiera gritar \u00a1quiero agua!, un ciclista pasa sigilosa a mi lado.<\/p>\n<p class=\"western\">Es domingo. La ciudad duerme. <strong>El campo est\u00e1 salpicado con colores de Decathlon que vuelan libre como una bandera sin patria.<\/strong> Caen unas gotas, se levanta el aire, el fr\u00edo nos acurruca, llega el invierno, se va noviembre, llega diciembre, el tiempo pasa tan r\u00e1pido que nada se puede retener ni siquiera en una foto. La ni\u00f1a sigue creciendo.<strong> Pap\u00e1, \u00bfcu\u00e1nto queda para mi cumple?<\/strong><\/p>\n<!-- AddThis Advanced Settings generic via filter on the_content --><!-- AddThis Share Buttons generic via filter on the_content -->","protected":false},"excerpt":{"rendered":"<p>Voy andando por senderos de tierra. No ha llovido y las botas mueven el polvo a cada paso. Hay piedras y jaramagos que crecen sin orden en el camino. El cielo azulea como en un ma\u00f1ana de agosto, como un cuadro de Sorolla. El sol acecha escondido como un cazador detr\u00e1s de su camuflaje de [&hellip;]<!-- AddThis Advanced Settings generic via filter on get_the_excerpt --><!-- AddThis Share Buttons generic via filter on get_the_excerpt --><\/p>\n","protected":false},"author":11,"featured_media":1239,"comment_status":"open","ping_status":"closed","sticky":false,"template":"","format":"standard","meta":[],"categories":[1],"tags":[1263,1264,1262,1261],"_links":{"self":[{"href":"https:\/\/blogs.hoy.es\/migas-canas\/wp-json\/wp\/v2\/posts\/1238"}],"collection":[{"href":"https:\/\/blogs.hoy.es\/migas-canas\/wp-json\/wp\/v2\/posts"}],"about":[{"href":"https:\/\/blogs.hoy.es\/migas-canas\/wp-json\/wp\/v2\/types\/post"}],"author":[{"embeddable":true,"href":"https:\/\/blogs.hoy.es\/migas-canas\/wp-json\/wp\/v2\/users\/11"}],"replies":[{"embeddable":true,"href":"https:\/\/blogs.hoy.es\/migas-canas\/wp-json\/wp\/v2\/comments?post=1238"}],"version-history":[{"count":1,"href":"https:\/\/blogs.hoy.es\/migas-canas\/wp-json\/wp\/v2\/posts\/1238\/revisions"}],"predecessor-version":[{"id":1242,"href":"https:\/\/blogs.hoy.es\/migas-canas\/wp-json\/wp\/v2\/posts\/1238\/revisions\/1242"}],"wp:featuredmedia":[{"embeddable":true,"href":"https:\/\/blogs.hoy.es\/migas-canas\/wp-json\/wp\/v2\/media\/1239"}],"wp:attachment":[{"href":"https:\/\/blogs.hoy.es\/migas-canas\/wp-json\/wp\/v2\/media?parent=1238"}],"wp:term":[{"taxonomy":"category","embeddable":true,"href":"https:\/\/blogs.hoy.es\/migas-canas\/wp-json\/wp\/v2\/categories?post=1238"},{"taxonomy":"post_tag","embeddable":true,"href":"https:\/\/blogs.hoy.es\/migas-canas\/wp-json\/wp\/v2\/tags?post=1238"}],"curies":[{"name":"wp","href":"https:\/\/api.w.org\/{rel}","templated":true}]}}