{"id":1249,"date":"2018-01-26T20:13:51","date_gmt":"2018-01-26T19:13:51","guid":{"rendered":"http:\/\/blogs.hoy.es\/migas-canas\/?p=1249"},"modified":"2018-01-26T20:19:00","modified_gmt":"2018-01-26T19:19:00","slug":"ruido","status":"publish","type":"post","link":"https:\/\/blogs.hoy.es\/migas-canas\/2018\/01\/26\/ruido\/","title":{"rendered":"RUIDO"},"content":{"rendered":"<p class=\"western\"><a href=\"https:\/\/static-blogs.hoy.es\/wp-content\/uploads\/sites\/8\/2018\/01\/DSC04791-2.jpg\"><img loading=\"lazy\" class=\"alignnone size-full wp-image-1250\" src=\"https:\/\/static-blogs.hoy.es\/wp-content\/uploads\/sites\/8\/2018\/01\/DSC04791-2.jpg\" alt=\"dsc04791-2\" width=\"682\" height=\"454\" srcset=\"https:\/\/static-blogs.hoy.es\/wp-content\/uploads\/sites\/8\/2018\/01\/DSC04791-2.jpg 682w, https:\/\/static-blogs.hoy.es\/wp-content\/uploads\/sites\/8\/2018\/01\/DSC04791-2-300x200.jpg 300w\" sizes=\"(max-width: 682px) 100vw, 682px\" \/><\/a>Si hay un d\u00eda que me guste madrugar m\u00e1s que otros es el de a\u00f1o nuevo y as\u00ed poder recorrer la ciudad sin obst\u00e1culos, sin el desagradable ruido de coches, sin ese sabor met\u00e1lico que salen de tubos de escapes y poder contemplar una ciudad solitaria,desnuda como el Madrid de Antonio L\u00f3pez o Amen\u00e1bar. Calles vac\u00edas con sem\u00e1foros innecesarios que siguen sus ritmos de rojos y verdes sin altibajos, igual que un coraz\u00f3n sano, el s\u00edstoles y di\u00e1stole de una ciudad sin vida.<\/p>\n<p class=\"western\"><a href=\"https:\/\/static-blogs.hoy.es\/wp-content\/uploads\/sites\/8\/2018\/01\/DSC04806-2.jpg\"><img loading=\"lazy\" class=\"alignnone size-full wp-image-1251\" src=\"https:\/\/static-blogs.hoy.es\/wp-content\/uploads\/sites\/8\/2018\/01\/DSC04806-2.jpg\" alt=\"dsc04806-2\" width=\"682\" height=\"454\" srcset=\"https:\/\/static-blogs.hoy.es\/wp-content\/uploads\/sites\/8\/2018\/01\/DSC04806-2.jpg 682w, https:\/\/static-blogs.hoy.es\/wp-content\/uploads\/sites\/8\/2018\/01\/DSC04806-2-300x200.jpg 300w\" sizes=\"(max-width: 682px) 100vw, 682px\" \/><\/a>La ma\u00f1ana del primer d\u00eda del a\u00f1o, cuando me levant\u00e9 y fui al balc\u00f3n, una intensa niebla borraba la fachada de las casas de enfrente y apenas se distingu\u00edan a los que regresaban de celebrar la nochevieja dentro de sus tambaleante trajes de fiesta. Hay d\u00edas en los que estar borracho no est\u00e1 mal visto, pero a mi no me deja de producir tristeza ver a j\u00f3venes vomitando en las aceras.<\/p>\n<p class=\"western\">Me gustan esas primeras horas del a\u00f1o que transcurren desde que se recogen los j\u00f3venes como tristes zombis de trajes deshilachados hasta que comienzan a salir: los que tienen que sacar a perros gigantes de pisos peque\u00f1os; los enganchados al &#8220;running&#8221; que no pueden resistir sin correr despu\u00e9s de la mala conciencia del atrac\u00f3n navide\u00f1o; los \u00e1ngeles an\u00f3nimos que van y vienen de trabajar en centros sanitarios &#8230;<\/p>\n<p class=\"western\"><a href=\"https:\/\/static-blogs.hoy.es\/wp-content\/uploads\/sites\/8\/2018\/01\/DSC04992.jpg\"><img loading=\"lazy\" class=\"alignnone size-full wp-image-1252\" src=\"https:\/\/static-blogs.hoy.es\/wp-content\/uploads\/sites\/8\/2018\/01\/DSC04992.jpg\" alt=\"dsc04992\" width=\"682\" height=\"454\" srcset=\"https:\/\/static-blogs.hoy.es\/wp-content\/uploads\/sites\/8\/2018\/01\/DSC04992.jpg 682w, https:\/\/static-blogs.hoy.es\/wp-content\/uploads\/sites\/8\/2018\/01\/DSC04992-300x200.jpg 300w\" sizes=\"(max-width: 682px) 100vw, 682px\" \/><\/a>En a\u00f1o nuevo se puede conducir por Sinforiano Madro\u00f1ero relajadamente, sin sorpresas, sin tener la sensaci\u00f3n de estar en un peligroso circuito de obst\u00e1culos. En Fernando Calzadilla est\u00e1n cerradas hasta las tiendas de los chinos, una avenida que ni siquiera Gallardo puede alterar desde su sill\u00f3n de mando.<\/p>\n<p class=\"western\">Parece que fue ayer pero ya est\u00e1 acabando este mes que empez\u00f3 en silencio y termina con ruido, con mucho ruido, demasiado ruido para un ciudad silenciosa que ni siquiera cuando grita \u201ctren digno\u201d se la oye. Aunque si se oyen ruidos de tambores lejanos que viene de Ifeba; ruidos de terremoto que vienen de Portugal; Desde Villanueva ruido de martillazos en las placas y en los rencores de los nombres de las calles. Los ruidos no son buenos o si no que le pregunten a la exalcaldesa de C\u00e1ceres Carmen Heras pero sobre todo a los vecinos de la Madrila y como cuando las barbas de t\u00fa vecino veas cortar, en Badajoz se subvencionar\u00e1n obras para proteger del ruido las casas del casco antiguo.<\/p>\n<!-- AddThis Advanced Settings generic via filter on the_content --><!-- AddThis Share Buttons generic via filter on the_content -->","protected":false},"excerpt":{"rendered":"<p>Si hay un d\u00eda que me guste madrugar m\u00e1s que otros es el de a\u00f1o nuevo y as\u00ed poder recorrer la ciudad sin obst\u00e1culos, sin el desagradable ruido de coches, sin ese sabor met\u00e1lico que salen de tubos de escapes y poder contemplar una ciudad solitaria,desnuda como el Madrid de Antonio L\u00f3pez o Amen\u00e1bar. Calles [&hellip;]<!-- AddThis Advanced Settings generic via filter on get_the_excerpt --><!-- AddThis Share Buttons generic via filter on get_the_excerpt --><\/p>\n","protected":false},"author":11,"featured_media":1250,"comment_status":"open","ping_status":"closed","sticky":false,"template":"","format":"standard","meta":[],"categories":[1],"tags":[1271,1272],"_links":{"self":[{"href":"https:\/\/blogs.hoy.es\/migas-canas\/wp-json\/wp\/v2\/posts\/1249"}],"collection":[{"href":"https:\/\/blogs.hoy.es\/migas-canas\/wp-json\/wp\/v2\/posts"}],"about":[{"href":"https:\/\/blogs.hoy.es\/migas-canas\/wp-json\/wp\/v2\/types\/post"}],"author":[{"embeddable":true,"href":"https:\/\/blogs.hoy.es\/migas-canas\/wp-json\/wp\/v2\/users\/11"}],"replies":[{"embeddable":true,"href":"https:\/\/blogs.hoy.es\/migas-canas\/wp-json\/wp\/v2\/comments?post=1249"}],"version-history":[{"count":3,"href":"https:\/\/blogs.hoy.es\/migas-canas\/wp-json\/wp\/v2\/posts\/1249\/revisions"}],"predecessor-version":[{"id":1255,"href":"https:\/\/blogs.hoy.es\/migas-canas\/wp-json\/wp\/v2\/posts\/1249\/revisions\/1255"}],"wp:featuredmedia":[{"embeddable":true,"href":"https:\/\/blogs.hoy.es\/migas-canas\/wp-json\/wp\/v2\/media\/1250"}],"wp:attachment":[{"href":"https:\/\/blogs.hoy.es\/migas-canas\/wp-json\/wp\/v2\/media?parent=1249"}],"wp:term":[{"taxonomy":"category","embeddable":true,"href":"https:\/\/blogs.hoy.es\/migas-canas\/wp-json\/wp\/v2\/categories?post=1249"},{"taxonomy":"post_tag","embeddable":true,"href":"https:\/\/blogs.hoy.es\/migas-canas\/wp-json\/wp\/v2\/tags?post=1249"}],"curies":[{"name":"wp","href":"https:\/\/api.w.org\/{rel}","templated":true}]}}