{"id":126,"date":"2012-07-24T07:21:27","date_gmt":"2012-07-24T06:21:27","guid":{"rendered":"http:\/\/blogs.hoy.es\/migas-canas\/?p=126"},"modified":"2012-07-24T07:21:27","modified_gmt":"2012-07-24T06:21:27","slug":"agosto","status":"publish","type":"post","link":"https:\/\/blogs.hoy.es\/migas-canas\/2012\/07\/24\/agosto\/","title":{"rendered":"AGOSTO"},"content":{"rendered":"<p>En verano, con el calor, da tanta pereza leer como escribir. Uno no sabe bien que tema elegir para enganchar en este mes lento y pesado donde la can\u00edcula no deja pensar con claridad.<br \/>\nHipnotizado con el murmullo de la chicharra que sustituye al estridente claxon de los coches. Me pongo, sin grandes pretensiones, como siempre, a buscar las cuatrocientas palabras de este art\u00edculo desde la vista privilegiada de mi buhardilla, retirada de la ciudad,rodeado con muchos de los libros que nunca leer\u00e9 y con los le\u00eddos varias veces y antes de bajar  a la sombra de la higuera con Machado pienso en lo diferente que somos en verano. Recuerdo el d\u00eda que me encontr\u00e9 con mi jefe por la Avenida de Huelva, ese se\u00f1or estirado de traje y corbata vest\u00eda la camiseta de la roja, pantalones cortos de flores y unas chanclas de donde sobresal\u00edan unos dedos gordos de \u00e1guila peluda, me saludo con la distancia de la jerarqu\u00eda. El h\u00e1bito no hace al monje pero ayuda.<br \/>\nLos de de la ense\u00f1anza tambi\u00e9n se han dado cuenta de lo improductivo del verano y quieren quitar septiembre como Sabina robo abril a los melanc\u00f3licos. Los pol\u00edticos tambi\u00e9n nos robaron el mes de las extraordinarias, de las rebajas, de las mediod\u00edas de ca\u00f1as. Menos mal, que uno, aqu\u00ed aislado, esconde la cabeza como las avestruces y no sabe que esta pasando en la ciudad. Una ciudad que dej\u00e9 abrigada y que descubro, cada vez que voy,  colonizada por adolescentes cl\u00f3nicos de ombligos al aire, minishort y  pantalones cagaos vagando sin rumbo en una ciudad aburrida, sin ocios, ni cultura. Los coches desaparecen, hay m\u00e1s bicicletas, te multan si vas por la acera y te puedes estrellar si pedaleas por el asfalto, que otra cosa no, pero muchos ya saben lo bien que multan los municipales de Celdran.<br \/>\nEste Agosto los aparcamientos siguen disputados, el personal pacense no ha tomado Matalasca\u00f1as ni la Antilla como a\u00f1os anteriores Por la noche,cuando bajan las temperaturas, los que todav\u00eda pueden, salen a las terrazas de la Urbanizacion Guadiana, de Castelar, de San Francisco buscando el fresquito de la noche igual que los j\u00f3venes buscan el amor en botellones para sellarlos en el puente con un candado.<br \/>\n A mi, me basta la sombra de una higuera, un libro y el portatil para ignorar el calor. A\u00f1ado para completar las cuatrocientas palabras del art\u00edculo de verano una tortilla de patatas y un gazpacho, total, que m\u00e1s me da si yo no vivo del tipo ni tampoco de la escritura, y ya me sobran kilos y tambi\u00e9n paso de las 400 palabras.<\/p>\n<!-- AddThis Advanced Settings generic via filter on the_content --><!-- AddThis Share Buttons generic via filter on the_content -->","protected":false},"excerpt":{"rendered":"<p>En verano, con el calor, da tanta pereza leer como escribir. Uno no sabe bien que tema elegir para enganchar en este mes lento y pesado donde la can\u00edcula no deja pensar con claridad. Hipnotizado con el murmullo de la chicharra que sustituye al estridente claxon de los coches. Me pongo, sin grandes pretensiones, como [&hellip;]<!-- AddThis Advanced Settings generic via filter on get_the_excerpt --><!-- AddThis Share Buttons generic via filter on get_the_excerpt --><\/p>\n","protected":false},"author":10,"featured_media":0,"comment_status":"open","ping_status":"closed","sticky":false,"template":"","format":"standard","meta":[],"categories":[4],"tags":[],"_links":{"self":[{"href":"https:\/\/blogs.hoy.es\/migas-canas\/wp-json\/wp\/v2\/posts\/126"}],"collection":[{"href":"https:\/\/blogs.hoy.es\/migas-canas\/wp-json\/wp\/v2\/posts"}],"about":[{"href":"https:\/\/blogs.hoy.es\/migas-canas\/wp-json\/wp\/v2\/types\/post"}],"author":[{"embeddable":true,"href":"https:\/\/blogs.hoy.es\/migas-canas\/wp-json\/wp\/v2\/users\/10"}],"replies":[{"embeddable":true,"href":"https:\/\/blogs.hoy.es\/migas-canas\/wp-json\/wp\/v2\/comments?post=126"}],"version-history":[{"count":0,"href":"https:\/\/blogs.hoy.es\/migas-canas\/wp-json\/wp\/v2\/posts\/126\/revisions"}],"wp:attachment":[{"href":"https:\/\/blogs.hoy.es\/migas-canas\/wp-json\/wp\/v2\/media?parent=126"}],"wp:term":[{"taxonomy":"category","embeddable":true,"href":"https:\/\/blogs.hoy.es\/migas-canas\/wp-json\/wp\/v2\/categories?post=126"},{"taxonomy":"post_tag","embeddable":true,"href":"https:\/\/blogs.hoy.es\/migas-canas\/wp-json\/wp\/v2\/tags?post=126"}],"curies":[{"name":"wp","href":"https:\/\/api.w.org\/{rel}","templated":true}]}}