{"id":1260,"date":"2018-02-16T20:36:17","date_gmt":"2018-02-16T19:36:17","guid":{"rendered":"http:\/\/blogs.hoy.es\/migas-canas\/?p=1260"},"modified":"2018-02-16T20:38:21","modified_gmt":"2018-02-16T19:38:21","slug":"manolo-el-gordo","status":"publish","type":"post","link":"https:\/\/blogs.hoy.es\/migas-canas\/2018\/02\/16\/manolo-el-gordo\/","title":{"rendered":"MANOLO EL GORDO"},"content":{"rendered":"<p class=\"western\"><span style=\"font-size: large;\"><a href=\"https:\/\/static-blogs.hoy.es\/wp-content\/uploads\/sites\/8\/2018\/02\/26994155_137937767014940_7729192345299860305_n.jpg\"><img loading=\"lazy\" class=\"alignnone size-full wp-image-1261\" src=\"https:\/\/static-blogs.hoy.es\/wp-content\/uploads\/sites\/8\/2018\/02\/26994155_137937767014940_7729192345299860305_n.jpg\" alt=\"26994155_137937767014940_7729192345299860305_n\" width=\"284\" height=\"365\" srcset=\"https:\/\/static-blogs.hoy.es\/wp-content\/uploads\/sites\/8\/2018\/02\/26994155_137937767014940_7729192345299860305_n.jpg 284w, https:\/\/static-blogs.hoy.es\/wp-content\/uploads\/sites\/8\/2018\/02\/26994155_137937767014940_7729192345299860305_n-233x300.jpg 233w\" sizes=\"(max-width: 284px) 100vw, 284px\" \/><\/a>Un d\u00eda que iba andando por el Paseo Condes de Barcelona se dirigi\u00f3 a mi un se\u00f1or que estaba sentado en un velador. Se present\u00f3 como Fale Rivero, Presidente del equipo de f\u00fatbol Flecha Negra. Me dijo que quer\u00eda agradecerme el haber mencionado a su hermano en alguna columna. \u00bfQui\u00e9n es su hermano?, pregunt\u00e9. Manolo el Gordo, en aquel momento algo se removi\u00f3 en mi interior que me traslad\u00f3 a un pasado lejano y hermoso. Aquel mismo lugar donde nos estrechamos la mano, ahora asfaltado, lo hab\u00eda recorrido muchas veces, cuando la amplia avenida de frondosos \u00e1rboles y edificios nuevos era un campo de hierba salvajes con un sendero hecho por por el ir y venir de muchachos al campo de f\u00fatbol de la Federaci\u00f3n. <\/span><\/p>\n<p class=\"western\"><span style=\"font-size: large;\">Son varias las generaciones anteriores y posteriores a la m\u00eda, relacionadas con el f\u00fatbol, que hubiera sentido la misma emoci\u00f3n que sent\u00ed yo al escuchar el nombre de Manolo Rivero. Manolo era mi entrenador. Un pintor de brocha gorda con vocaci\u00f3n de maestro, un maestro sin t\u00edtulo, ni escuela que educ\u00f3 en los valores de la amistad, el trabajo, el compa\u00f1erismo y la solidaridad a cientos de muchachos. No nos ense\u00f1\u00f3 matem\u00e1ticas, ni literatura pero si el hacernos saber que con el esfuerzo se pod\u00eda conseguir los sue\u00f1os, Nos ense\u00f1\u00f3 que nadie era mejor que nadie. En los partidos no sacaba a los mejores sino a los que iban a entrenar, a los que se esforzaban. Manolo era una buena persona y quer\u00eda que sus futbolistas fueran, adem\u00e1s de futbolistas, individuos \u00edntegros. Su mayor ense\u00f1anza era el ejemplo que daba con su dedicaci\u00f3n altruista al f\u00fatbol. Aquella tarde en la que Fale se present\u00f3 como su hermano, me qued\u00e9 sorprendido. Siempre pens\u00e9 que su familia era el f\u00fatbol, el Flecha Negra y todos los muchachos que pasamos por su equipo. Manolo muri\u00f3 joven. Se le recuerda por un trofeo de f\u00fatbol que lleva su nombre. Fue una de las personas grandes del deporte pacense que dedic\u00f3 su vida a ense\u00f1ar f\u00fatbol y hacernos crecer como personas.<a href=\"https:\/\/static-blogs.hoy.es\/wp-content\/uploads\/sites\/8\/2018\/02\/20180216_191019-2.jpg\"><img loading=\"lazy\" class=\"alignnone size-full wp-image-1263\" src=\"https:\/\/static-blogs.hoy.es\/wp-content\/uploads\/sites\/8\/2018\/02\/20180216_191019-2.jpg\" alt=\"20180216_191019-2\" width=\"968\" height=\"544\" srcset=\"https:\/\/static-blogs.hoy.es\/wp-content\/uploads\/sites\/8\/2018\/02\/20180216_191019-2.jpg 968w, https:\/\/static-blogs.hoy.es\/wp-content\/uploads\/sites\/8\/2018\/02\/20180216_191019-2-300x169.jpg 300w, https:\/\/static-blogs.hoy.es\/wp-content\/uploads\/sites\/8\/2018\/02\/20180216_191019-2-768x432.jpg 768w\" sizes=\"(max-width: 968px) 100vw, 968px\" \/><\/a> <\/span><\/p>\n<p class=\"western\"><span style=\"font-size: large;\">Algunos compa\u00f1eros triunfaron y fueron futbolista profesionales en primera y segunda divisi\u00f3n aunque todos fuimos ganadores al aprender con \u00e9l el valor de la amistad, la solidaridad el sacrificio por el bien com\u00fan y a saber que las cosas se consiguen con esfuerzo, esas cosas que val\u00edan para el f\u00fatbol y para la vida. <\/span><\/p>\n<!-- AddThis Advanced Settings generic via filter on the_content --><!-- AddThis Share Buttons generic via filter on the_content -->","protected":false},"excerpt":{"rendered":"<p>Un d\u00eda que iba andando por el Paseo Condes de Barcelona se dirigi\u00f3 a mi un se\u00f1or que estaba sentado en un velador. Se present\u00f3 como Fale Rivero, Presidente del equipo de f\u00fatbol Flecha Negra. Me dijo que quer\u00eda agradecerme el haber mencionado a su hermano en alguna columna. \u00bfQui\u00e9n es su hermano?, pregunt\u00e9. Manolo [&hellip;]<!-- AddThis Advanced Settings generic via filter on get_the_excerpt --><!-- AddThis Share Buttons generic via filter on get_the_excerpt --><\/p>\n","protected":false},"author":11,"featured_media":1261,"comment_status":"open","ping_status":"closed","sticky":false,"template":"","format":"standard","meta":[],"categories":[1],"tags":[1274,1273,455,675,819],"_links":{"self":[{"href":"https:\/\/blogs.hoy.es\/migas-canas\/wp-json\/wp\/v2\/posts\/1260"}],"collection":[{"href":"https:\/\/blogs.hoy.es\/migas-canas\/wp-json\/wp\/v2\/posts"}],"about":[{"href":"https:\/\/blogs.hoy.es\/migas-canas\/wp-json\/wp\/v2\/types\/post"}],"author":[{"embeddable":true,"href":"https:\/\/blogs.hoy.es\/migas-canas\/wp-json\/wp\/v2\/users\/11"}],"replies":[{"embeddable":true,"href":"https:\/\/blogs.hoy.es\/migas-canas\/wp-json\/wp\/v2\/comments?post=1260"}],"version-history":[{"count":1,"href":"https:\/\/blogs.hoy.es\/migas-canas\/wp-json\/wp\/v2\/posts\/1260\/revisions"}],"predecessor-version":[{"id":1264,"href":"https:\/\/blogs.hoy.es\/migas-canas\/wp-json\/wp\/v2\/posts\/1260\/revisions\/1264"}],"wp:featuredmedia":[{"embeddable":true,"href":"https:\/\/blogs.hoy.es\/migas-canas\/wp-json\/wp\/v2\/media\/1261"}],"wp:attachment":[{"href":"https:\/\/blogs.hoy.es\/migas-canas\/wp-json\/wp\/v2\/media?parent=1260"}],"wp:term":[{"taxonomy":"category","embeddable":true,"href":"https:\/\/blogs.hoy.es\/migas-canas\/wp-json\/wp\/v2\/categories?post=1260"},{"taxonomy":"post_tag","embeddable":true,"href":"https:\/\/blogs.hoy.es\/migas-canas\/wp-json\/wp\/v2\/tags?post=1260"}],"curies":[{"name":"wp","href":"https:\/\/api.w.org\/{rel}","templated":true}]}}