{"id":127,"date":"2012-08-09T07:16:24","date_gmt":"2012-08-09T06:16:24","guid":{"rendered":"http:\/\/blogs.hoy.es\/migas-canas\/?p=127"},"modified":"2012-08-09T07:16:24","modified_gmt":"2012-08-09T06:16:24","slug":"urbanizaciones","status":"publish","type":"post","link":"https:\/\/blogs.hoy.es\/migas-canas\/2012\/08\/09\/urbanizaciones\/","title":{"rendered":"URBANIZACIONES"},"content":{"rendered":"<p>Son funcionarios, bomberos,mec\u00e1nicos, enfermeros,floristas, un ramilletes de profesionales que empiezan el trabajo duro cuando llegan a casa y se ponen el mono azul en invierno o el pantal\u00f3n corto en verano.  Pacenses que viven en el campo, hombres y mujeres que quieren y entienden la tierra, que saben resolver cualquier problema sin necesidad de recurrir a las p\u00e1ginas amarillas. Saben y practican la alba\u00f1iler\u00eda, la arquitectura, la ingener\u00eda, la mec\u00e1nica porque en la parcela pueden hacer ruidos y pruebas no importa si una pared tiene un desconch\u00f3n o la verja o un remiendo. Conocen  ese mundo laber\u00ednticos de tubos enterrados por donde circula el agua porque  los han instalado ellos. Siembran y riegan tomates, quitan la hierba a las jud\u00edas,  podan los rosales,recolocan el goteo. Tienen toda clases de maquinaria y los utensilios necesarios para arreglarlas porque lo importante no es comprar ni llamar a el mec\u00e1nico si no saber repararlas. El tiempo no importa se gu\u00edan por el canto del gallo y los movimientos del sol. Los domingo por la ma\u00f1ana van detr\u00e1s de la mula mec\u00e1nica,  igualan el c\u00e9sped, utilizan las tijeras de podar como expertos jardineros,saben poner empalmes en los  cables de la luz y lo que desconocen lo preguntan al vecino, se ayudan entre ellos, se prestan las desbrozadora y la escalera para podar la palmera o subir al tejado. De vez en cuando se juntan para asar carne al aire libre. cortan el chorizo encima del pan con la navaja de Don Benito. Iluminados por la luna, disfrutan de la charla , sobre todo de  los silencios. las conversaciones se ralentizan y adquieren ese tono sosegado y sensato que da la presencia constante de la tierra. Vivir en el campo es una forma de ser, un acto de generosidad, un sentimiento de libertad. Decenas de casas de campo est\u00e1n habitadas por muchos de esos vecinos que hace tiempo no vemos por Badajoz. Cuando van a la ciudad se les puede distinguir por los rudos andares de los que no est\u00e1n acostumbrados a pisar por lo llano. No les importa las modas si no lo pr\u00e1ctico Tienen los brazos llenos de ara\u00f1azos, la piel curtida por el sol y el fr\u00edo.. Para ello el lujo consiste en  arrancar un tomate y comerlo sin tener que ir a la fruter\u00eda con el monedero en el bolsillo. vivir en el campo es un sentimiento donde la palabra piso  produce una angustia asfixiante,son un grupo de personas que desconocen el significado de la palabra aburrimiento.<\/p>\n<!-- AddThis Advanced Settings generic via filter on the_content --><!-- AddThis Share Buttons generic via filter on the_content -->","protected":false},"excerpt":{"rendered":"<p>Son funcionarios, bomberos,mec\u00e1nicos, enfermeros,floristas, un ramilletes de profesionales que empiezan el trabajo duro cuando llegan a casa y se ponen el mono azul en invierno o el pantal\u00f3n corto en verano. Pacenses que viven en el campo, hombres y mujeres que quieren y entienden la tierra, que saben resolver cualquier problema sin necesidad de recurrir [&hellip;]<!-- AddThis Advanced Settings generic via filter on get_the_excerpt --><!-- AddThis Share Buttons generic via filter on get_the_excerpt --><\/p>\n","protected":false},"author":10,"featured_media":0,"comment_status":"open","ping_status":"closed","sticky":false,"template":"","format":"standard","meta":[],"categories":[4],"tags":[],"_links":{"self":[{"href":"https:\/\/blogs.hoy.es\/migas-canas\/wp-json\/wp\/v2\/posts\/127"}],"collection":[{"href":"https:\/\/blogs.hoy.es\/migas-canas\/wp-json\/wp\/v2\/posts"}],"about":[{"href":"https:\/\/blogs.hoy.es\/migas-canas\/wp-json\/wp\/v2\/types\/post"}],"author":[{"embeddable":true,"href":"https:\/\/blogs.hoy.es\/migas-canas\/wp-json\/wp\/v2\/users\/10"}],"replies":[{"embeddable":true,"href":"https:\/\/blogs.hoy.es\/migas-canas\/wp-json\/wp\/v2\/comments?post=127"}],"version-history":[{"count":0,"href":"https:\/\/blogs.hoy.es\/migas-canas\/wp-json\/wp\/v2\/posts\/127\/revisions"}],"wp:attachment":[{"href":"https:\/\/blogs.hoy.es\/migas-canas\/wp-json\/wp\/v2\/media?parent=127"}],"wp:term":[{"taxonomy":"category","embeddable":true,"href":"https:\/\/blogs.hoy.es\/migas-canas\/wp-json\/wp\/v2\/categories?post=127"},{"taxonomy":"post_tag","embeddable":true,"href":"https:\/\/blogs.hoy.es\/migas-canas\/wp-json\/wp\/v2\/tags?post=127"}],"curies":[{"name":"wp","href":"https:\/\/api.w.org\/{rel}","templated":true}]}}