{"id":1271,"date":"2018-03-10T20:41:50","date_gmt":"2018-03-10T19:41:50","guid":{"rendered":"http:\/\/blogs.hoy.es\/migas-canas\/?p=1271"},"modified":"2018-03-10T20:42:20","modified_gmt":"2018-03-10T19:42:20","slug":"invierno","status":"publish","type":"post","link":"https:\/\/blogs.hoy.es\/migas-canas\/2018\/03\/10\/invierno\/","title":{"rendered":"INVIERNO"},"content":{"rendered":"<p><a href=\"https:\/\/static-blogs.hoy.es\/wp-content\/uploads\/sites\/8\/2018\/03\/DSC04674-2.jpg\"><img loading=\"lazy\" class=\"alignnone size-full wp-image-1273\" src=\"https:\/\/static-blogs.hoy.es\/wp-content\/uploads\/sites\/8\/2018\/03\/DSC04674-2.jpg\" alt=\"dsc04674-2\" width=\"1364\" height=\"908\" srcset=\"https:\/\/static-blogs.hoy.es\/wp-content\/uploads\/sites\/8\/2018\/03\/DSC04674-2.jpg 1364w, https:\/\/static-blogs.hoy.es\/wp-content\/uploads\/sites\/8\/2018\/03\/DSC04674-2-300x200.jpg 300w, https:\/\/static-blogs.hoy.es\/wp-content\/uploads\/sites\/8\/2018\/03\/DSC04674-2-768x511.jpg 768w, https:\/\/static-blogs.hoy.es\/wp-content\/uploads\/sites\/8\/2018\/03\/DSC04674-2-1024x682.jpg 1024w\" sizes=\"(max-width: 1364px) 100vw, 1364px\" \/><\/a>Hace tiempo que esperaba una tarde como esta. Tarde c\u00e1lida de chimenea mientras la lluvia cae abundante sobre el asfalto y el campo. El viento sopla con su sonido de instrumento antiguo alterando la intimidad de todos los escondites del exterior. En casa, la ni\u00f1a, sentada en los cojines, ve los dibujos animados de Blancanieves ajena al vendaval.<\/p>\n<p>Cae del cielo oscuro la lluvia poniendo m\u00fasica a los toldos de las tiendas, a los contenedores de basura, a los cristales de las ventanas. El agua se ve en la luz de las farolas, en los faros de los coches, en los charcos estancados. El agua corre como un r\u00edo por la cuesta abajo de la carretera.<\/p>\n<p>Me gustan los d\u00edas que llaman tristes y del mal tiempo. Llueve y mi alma se vuelve del rev\u00e9s. Se esconde en sus pliegues las dudas y me renueva el interior con el a\u00edre limpio y nuevo del agua clara. La lluvia me trae la serenidad que me roba el coloso sol de agosto.<\/p>\n<p>No s\u00e9 si levantarme y mirar por la ventana las hojas volando una danza de diestros bailarines impulsadas por la fuerza del aire o sentarme a leer con la m\u00fasica del agua y el viento, con la voz de Blancanieves y los enanitos, con el sonido sereno de la tarde-noche de este m\u00e1gico s\u00e1bado de invierno.<\/p>\n<!-- AddThis Advanced Settings generic via filter on the_content --><!-- AddThis Share Buttons generic via filter on the_content -->","protected":false},"excerpt":{"rendered":"<p>Hace tiempo que esperaba una tarde como esta. Tarde c\u00e1lida de chimenea mientras la lluvia cae abundante sobre el asfalto y el campo. El viento sopla con su sonido de instrumento antiguo alterando la intimidad de todos los escondites del exterior. En casa, la ni\u00f1a, sentada en los cojines, ve los dibujos animados de Blancanieves [&hellip;]<!-- AddThis Advanced Settings generic via filter on get_the_excerpt --><!-- AddThis Share Buttons generic via filter on get_the_excerpt --><\/p>\n","protected":false},"author":11,"featured_media":1273,"comment_status":"open","ping_status":"closed","sticky":false,"template":"","format":"standard","meta":[],"categories":[1],"tags":[1277,1278],"_links":{"self":[{"href":"https:\/\/blogs.hoy.es\/migas-canas\/wp-json\/wp\/v2\/posts\/1271"}],"collection":[{"href":"https:\/\/blogs.hoy.es\/migas-canas\/wp-json\/wp\/v2\/posts"}],"about":[{"href":"https:\/\/blogs.hoy.es\/migas-canas\/wp-json\/wp\/v2\/types\/post"}],"author":[{"embeddable":true,"href":"https:\/\/blogs.hoy.es\/migas-canas\/wp-json\/wp\/v2\/users\/11"}],"replies":[{"embeddable":true,"href":"https:\/\/blogs.hoy.es\/migas-canas\/wp-json\/wp\/v2\/comments?post=1271"}],"version-history":[{"count":1,"href":"https:\/\/blogs.hoy.es\/migas-canas\/wp-json\/wp\/v2\/posts\/1271\/revisions"}],"predecessor-version":[{"id":1274,"href":"https:\/\/blogs.hoy.es\/migas-canas\/wp-json\/wp\/v2\/posts\/1271\/revisions\/1274"}],"wp:featuredmedia":[{"embeddable":true,"href":"https:\/\/blogs.hoy.es\/migas-canas\/wp-json\/wp\/v2\/media\/1273"}],"wp:attachment":[{"href":"https:\/\/blogs.hoy.es\/migas-canas\/wp-json\/wp\/v2\/media?parent=1271"}],"wp:term":[{"taxonomy":"category","embeddable":true,"href":"https:\/\/blogs.hoy.es\/migas-canas\/wp-json\/wp\/v2\/categories?post=1271"},{"taxonomy":"post_tag","embeddable":true,"href":"https:\/\/blogs.hoy.es\/migas-canas\/wp-json\/wp\/v2\/tags?post=1271"}],"curies":[{"name":"wp","href":"https:\/\/api.w.org\/{rel}","templated":true}]}}