{"id":1278,"date":"2018-03-17T23:18:05","date_gmt":"2018-03-17T22:18:05","guid":{"rendered":"http:\/\/blogs.hoy.es\/migas-canas\/?p=1278"},"modified":"2018-03-17T23:20:14","modified_gmt":"2018-03-17T22:20:14","slug":"el-grito","status":"publish","type":"post","link":"https:\/\/blogs.hoy.es\/migas-canas\/2018\/03\/17\/el-grito\/","title":{"rendered":"EL GRITO"},"content":{"rendered":"<p><a href=\"https:\/\/static-blogs.hoy.es\/wp-content\/uploads\/sites\/8\/2018\/03\/DSC05319-2.jpg\"><img loading=\"lazy\" class=\"alignnone size-full wp-image-1279\" src=\"https:\/\/static-blogs.hoy.es\/wp-content\/uploads\/sites\/8\/2018\/03\/DSC05319-2.jpg\" alt=\"dsc05319-2\" width=\"628\" height=\"419\" srcset=\"https:\/\/static-blogs.hoy.es\/wp-content\/uploads\/sites\/8\/2018\/03\/DSC05319-2.jpg 628w, https:\/\/static-blogs.hoy.es\/wp-content\/uploads\/sites\/8\/2018\/03\/DSC05319-2-300x200.jpg 300w\" sizes=\"(max-width: 628px) 100vw, 628px\" \/><\/a>La tarde lenta corre deprisa por encima de las p\u00e1ginas, por encima de los lapices que como animales al acecho aguardan que pase la palabra exacta. La fotograf\u00eda perfecta. La tarde vuela atrapada en una idea, en un un sentimiento que se enreda en lo m\u00e1s profundo de los pliegues del alma queriendo exteriorizar en un grito su dolor mudo de rabia. Un quejio, el primer trago de vino, ese primer encuentro. La tarde simula detenerse mientras avanza veloz por ligeros ra\u00edles buscando precipitadamente las horas, las 7 las 8 las 9. Horas que empujan sobre p\u00e1ginas vac\u00edas antes de que llegue el sue\u00f1o, y el sue\u00f1o llega. Entonces, en la radio, encuentro la respuesta: Es el perd\u00f3n en lugar de la venganza lo que hace que salga de nuestros corazones ese grito del dolor y que salga para siempre esa bruja mala.<\/p>\n<!-- AddThis Advanced Settings generic via filter on the_content --><!-- AddThis Share Buttons generic via filter on the_content -->","protected":false},"excerpt":{"rendered":"<p>La tarde lenta corre deprisa por encima de las p\u00e1ginas, por encima de los lapices que como animales al acecho aguardan que pase la palabra exacta. La fotograf\u00eda perfecta. La tarde vuela atrapada en una idea, en un un sentimiento que se enreda en lo m\u00e1s profundo de los pliegues del alma queriendo exteriorizar en [&hellip;]<!-- AddThis Advanced Settings generic via filter on get_the_excerpt --><!-- AddThis Share Buttons generic via filter on get_the_excerpt --><\/p>\n","protected":false},"author":11,"featured_media":1279,"comment_status":"open","ping_status":"closed","sticky":false,"template":"","format":"standard","meta":[],"categories":[1],"tags":[1279],"_links":{"self":[{"href":"https:\/\/blogs.hoy.es\/migas-canas\/wp-json\/wp\/v2\/posts\/1278"}],"collection":[{"href":"https:\/\/blogs.hoy.es\/migas-canas\/wp-json\/wp\/v2\/posts"}],"about":[{"href":"https:\/\/blogs.hoy.es\/migas-canas\/wp-json\/wp\/v2\/types\/post"}],"author":[{"embeddable":true,"href":"https:\/\/blogs.hoy.es\/migas-canas\/wp-json\/wp\/v2\/users\/11"}],"replies":[{"embeddable":true,"href":"https:\/\/blogs.hoy.es\/migas-canas\/wp-json\/wp\/v2\/comments?post=1278"}],"version-history":[{"count":3,"href":"https:\/\/blogs.hoy.es\/migas-canas\/wp-json\/wp\/v2\/posts\/1278\/revisions"}],"predecessor-version":[{"id":1282,"href":"https:\/\/blogs.hoy.es\/migas-canas\/wp-json\/wp\/v2\/posts\/1278\/revisions\/1282"}],"wp:featuredmedia":[{"embeddable":true,"href":"https:\/\/blogs.hoy.es\/migas-canas\/wp-json\/wp\/v2\/media\/1279"}],"wp:attachment":[{"href":"https:\/\/blogs.hoy.es\/migas-canas\/wp-json\/wp\/v2\/media?parent=1278"}],"wp:term":[{"taxonomy":"category","embeddable":true,"href":"https:\/\/blogs.hoy.es\/migas-canas\/wp-json\/wp\/v2\/categories?post=1278"},{"taxonomy":"post_tag","embeddable":true,"href":"https:\/\/blogs.hoy.es\/migas-canas\/wp-json\/wp\/v2\/tags?post=1278"}],"curies":[{"name":"wp","href":"https:\/\/api.w.org\/{rel}","templated":true}]}}