{"id":128,"date":"2012-08-23T07:26:04","date_gmt":"2012-08-23T06:26:04","guid":{"rendered":"http:\/\/blogs.hoy.es\/migas-canas\/?p=128"},"modified":"2012-08-23T07:26:04","modified_gmt":"2012-08-23T06:26:04","slug":"ultimas-vacaciones","status":"publish","type":"post","link":"https:\/\/blogs.hoy.es\/migas-canas\/2012\/08\/23\/ultimas-vacaciones\/","title":{"rendered":"\u00daLTIMAS VACACIONES"},"content":{"rendered":"<ol>\n<li style=\"text-align: left;\">Vengo de la calle, que calor, estamos en alerta, otra vez soplan por<strong> Badajoz,<\/strong> en el d\u00eda que me pongo a escribir esta <strong>plaza alt<\/strong>a, los aires sahariano. Hoy, un d\u00eda antes de irme de vacaciones, retransmiten en la televisi\u00f3n las olimpiadas, espero la carrera de 200 para ver como vuela por el tart\u00e1n ese portento jamaicano, mientras tanto entretengo la plomiza tarde del verano con el refrescante voley playa femenino. Cuando salga publicado este articulo estar\u00e9 lejos de aqu\u00ed. No se si ha terminado el verano en Badajoz, si hace calor o fr\u00edo, si vuelven los de la chaqueta a la chaqueta dejando de ser como hombre anuncio que lucen, a principio de agosto, camisetas de cocacola, nivea, la amarilla de la once y chanclas del dedo. El d\u00eda que escribo esto, a varias semanas de su publicaci\u00f3n, el peri\u00f3dico habla de las vacaciones de<strong> Rajoy,<\/strong> del mot\u00edn de los m\u00e9dicos, ha muerto <strong>Curro Jimenez,<\/strong>y el alcalde de <strong>Marinaleda<\/strong> lo imita atracando Mercadona. En las esquela veo que la media de los fallecidos es de 50 a\u00f1os, cada vez estoy m\u00e1s cerca del fin y sigo pensando en mi futuro incierto. Hoy, que es ayer, todo era pura incertidumbre en una ciudad donde viven muchos funcionarios. No sabemos si los recortes han valido para algo o seguimos arruinados, pobres y tristes,si la calle Menacho ha cerrado y Rodamaco no ha abierto. Es verano,. Estoy solo en casa, como un Rodr\u00edguez, <strong>Marilyn<\/strong> no vive arriba y yo no se que hacer sin ellas.<strong> Mario Draghi<\/strong>, con cara de hombre satisfecho y aburrido dice con indiferencia que los Espa\u00f1oles tienen que bajarse los salarios y tener despido libre. Me voy de vacaciones, quiz\u00e1s sean las \u00faltimas, cuando vuelva no se como encontrar\u00e9 mi casa, si seguir\u00e9 teniendo trabajo, si seguir\u00e9 escribiendo esta columna, si Badajoz estar\u00e1 intervenida,o si alguien se habr\u00e1 tirado al monte con un cetme, que es lo que m\u00e1s se oye en el bar donde voy todas las mediod\u00edas,un bar de obreros que ahora son parados y que han dejado de ir,ya solo quedamos el camarero y yo, y que cuando vuelva probablemente habr\u00e1 cerrado. Todo va muy deprisa y no se cual ser\u00e1 la portada de este peri\u00f3dico hoy, ni que nueva angustia nos ahogar\u00e1. Ya se sabe que nada pasa de moda tan r\u00e1pido como un peri\u00f3dico, lo dijo alguien, el diario que por la ma\u00f1ana sirve para informar por la tarde vale para envolver el pescado, este, que ahora tengo entre las manos, despu\u00e9s del esfuerzo de muchos profesionales y el talento de varios escritores muere en alg\u00fan contenedor de papeles,como muere la \u00faltima n\u00f3mina de un nuevo parado.<\/li>\n<\/ol>\n<!-- AddThis Advanced Settings generic via filter on the_content --><!-- AddThis Share Buttons generic via filter on the_content -->","protected":false},"excerpt":{"rendered":"<p>Vengo de la calle, que calor, estamos en alerta, otra vez soplan por Badajoz, en el d\u00eda que me pongo a escribir esta plaza alta, los aires sahariano. Hoy, un d\u00eda antes de irme de vacaciones, retransmiten en la televisi\u00f3n las olimpiadas, espero la carrera de 200 para ver como vuela por el tart\u00e1n ese [&hellip;]<!-- AddThis Advanced Settings generic via filter on get_the_excerpt --><!-- AddThis Share Buttons generic via filter on get_the_excerpt --><\/p>\n","protected":false},"author":10,"featured_media":0,"comment_status":"open","ping_status":"closed","sticky":false,"template":"","format":"standard","meta":[],"categories":[2],"tags":[29,103,694,696,857,898],"_links":{"self":[{"href":"https:\/\/blogs.hoy.es\/migas-canas\/wp-json\/wp\/v2\/posts\/128"}],"collection":[{"href":"https:\/\/blogs.hoy.es\/migas-canas\/wp-json\/wp\/v2\/posts"}],"about":[{"href":"https:\/\/blogs.hoy.es\/migas-canas\/wp-json\/wp\/v2\/types\/post"}],"author":[{"embeddable":true,"href":"https:\/\/blogs.hoy.es\/migas-canas\/wp-json\/wp\/v2\/users\/10"}],"replies":[{"embeddable":true,"href":"https:\/\/blogs.hoy.es\/migas-canas\/wp-json\/wp\/v2\/comments?post=128"}],"version-history":[{"count":0,"href":"https:\/\/blogs.hoy.es\/migas-canas\/wp-json\/wp\/v2\/posts\/128\/revisions"}],"wp:attachment":[{"href":"https:\/\/blogs.hoy.es\/migas-canas\/wp-json\/wp\/v2\/media?parent=128"}],"wp:term":[{"taxonomy":"category","embeddable":true,"href":"https:\/\/blogs.hoy.es\/migas-canas\/wp-json\/wp\/v2\/categories?post=128"},{"taxonomy":"post_tag","embeddable":true,"href":"https:\/\/blogs.hoy.es\/migas-canas\/wp-json\/wp\/v2\/tags?post=128"}],"curies":[{"name":"wp","href":"https:\/\/api.w.org\/{rel}","templated":true}]}}