{"id":1283,"date":"2018-03-24T23:02:14","date_gmt":"2018-03-24T22:02:14","guid":{"rendered":"http:\/\/blogs.hoy.es\/migas-canas\/?p=1283"},"modified":"2018-03-24T23:02:14","modified_gmt":"2018-03-24T22:02:14","slug":"el-teclado","status":"publish","type":"post","link":"https:\/\/blogs.hoy.es\/migas-canas\/2018\/03\/24\/el-teclado\/","title":{"rendered":"EL TECLADO"},"content":{"rendered":"<p class=\"western\"><a href=\"https:\/\/static-blogs.hoy.es\/wp-content\/uploads\/sites\/8\/2017\/05\/18387166_1519975788027114_763775167_n.jpg\"><img loading=\"lazy\" class=\"alignnone size-full wp-image-1094\" src=\"https:\/\/static-blogs.hoy.es\/wp-content\/uploads\/sites\/8\/2017\/05\/18387166_1519975788027114_763775167_n.jpg\" alt=\"18387166_1519975788027114_763775167_n\" width=\"270\" height=\"480\" srcset=\"https:\/\/static-blogs.hoy.es\/wp-content\/uploads\/sites\/8\/2017\/05\/18387166_1519975788027114_763775167_n.jpg 270w, https:\/\/static-blogs.hoy.es\/wp-content\/uploads\/sites\/8\/2017\/05\/18387166_1519975788027114_763775167_n-169x300.jpg 169w\" sizes=\"(max-width: 270px) 100vw, 270px\" \/><\/a>Con la carraspera del primer caf\u00e9 pegado en la garganta. Cuando la noche cansada se rinde a la luz de la ma\u00f1ana y los aficionados a la fotograf\u00eda sacan sus c\u00e1maras de los estuches con el mismo mimo que un m\u00fasico saca su guitarra. La luz del sol se hace hueco a empujones entre nubes negras de lluvia. Un destello brota de un horizonte m\u00f3vil cambiando el color de la l\u00ednea que separa cielo y tierra. La claridad se posa en el hierro de la barandilla del balc\u00f3n descubriendo las imperfecciones del tiempo. Miro con los ojos cerrados la cegadora luz que nace con destellos de rabia. Hace fr\u00edo, miro para el otro lado, el lado de las sombras, mi lado. Un viento g\u00e9lido envuelve mi cuerpo enfriando mis dedos que sue\u00f1an sobre el viejo teclado donde una vez fui feliz. Aquel tiempo en el que pod\u00eda escribir vida con b larga, antes de acoplar el relato de mi existencia a todas las reglas, a todas las normas. Un teclado del que se borr\u00f3 para siempre los signos de admiraci\u00f3n y solo quedan las interrogaciones.<\/p>\n<p class=\"western\">Llega la tarde. La luz se esconde de nuevo dando paso a la noche. Hace fr\u00edo. Oscurece, sigo acariciando el manoseado teclado a pesar de las ausencias de algunas teclas. \u00c9l ya no es el mismo, yo tampoco.<\/p>\n<!-- AddThis Advanced Settings generic via filter on the_content --><!-- AddThis Share Buttons generic via filter on the_content -->","protected":false},"excerpt":{"rendered":"<p>Con la carraspera del primer caf\u00e9 pegado en la garganta. Cuando la noche cansada se rinde a la luz de la ma\u00f1ana y los aficionados a la fotograf\u00eda sacan sus c\u00e1maras de los estuches con el mismo mimo que un m\u00fasico saca su guitarra. La luz del sol se hace hueco a empujones entre nubes [&hellip;]<!-- AddThis Advanced Settings generic via filter on get_the_excerpt --><!-- AddThis Share Buttons generic via filter on get_the_excerpt --><\/p>\n","protected":false},"author":11,"featured_media":1284,"comment_status":"open","ping_status":"closed","sticky":false,"template":"","format":"standard","meta":[],"categories":[1],"tags":[1280],"_links":{"self":[{"href":"https:\/\/blogs.hoy.es\/migas-canas\/wp-json\/wp\/v2\/posts\/1283"}],"collection":[{"href":"https:\/\/blogs.hoy.es\/migas-canas\/wp-json\/wp\/v2\/posts"}],"about":[{"href":"https:\/\/blogs.hoy.es\/migas-canas\/wp-json\/wp\/v2\/types\/post"}],"author":[{"embeddable":true,"href":"https:\/\/blogs.hoy.es\/migas-canas\/wp-json\/wp\/v2\/users\/11"}],"replies":[{"embeddable":true,"href":"https:\/\/blogs.hoy.es\/migas-canas\/wp-json\/wp\/v2\/comments?post=1283"}],"version-history":[{"count":1,"href":"https:\/\/blogs.hoy.es\/migas-canas\/wp-json\/wp\/v2\/posts\/1283\/revisions"}],"predecessor-version":[{"id":1285,"href":"https:\/\/blogs.hoy.es\/migas-canas\/wp-json\/wp\/v2\/posts\/1283\/revisions\/1285"}],"wp:featuredmedia":[{"embeddable":true,"href":"https:\/\/blogs.hoy.es\/migas-canas\/wp-json\/wp\/v2\/media\/1284"}],"wp:attachment":[{"href":"https:\/\/blogs.hoy.es\/migas-canas\/wp-json\/wp\/v2\/media?parent=1283"}],"wp:term":[{"taxonomy":"category","embeddable":true,"href":"https:\/\/blogs.hoy.es\/migas-canas\/wp-json\/wp\/v2\/categories?post=1283"},{"taxonomy":"post_tag","embeddable":true,"href":"https:\/\/blogs.hoy.es\/migas-canas\/wp-json\/wp\/v2\/tags?post=1283"}],"curies":[{"name":"wp","href":"https:\/\/api.w.org\/{rel}","templated":true}]}}