{"id":129,"date":"2012-09-05T09:14:11","date_gmt":"2012-09-05T08:14:11","guid":{"rendered":"http:\/\/blogs.hoy.es\/migas-canas\/?p=129"},"modified":"2012-09-05T09:14:11","modified_gmt":"2012-09-05T08:14:11","slug":"paseo-condes-de-barcelona","status":"publish","type":"post","link":"https:\/\/blogs.hoy.es\/migas-canas\/2012\/09\/05\/paseo-condes-de-barcelona\/","title":{"rendered":"PASEO CONDES DE BARCELONA"},"content":{"rendered":"<p><a href=\"\/migas-canas\/wp-content\/uploads\/sites\/8\/2012\/09\/DSCN1745-4.jpg\"><img loading=\"lazy\" class=\"aligncenter size-full wp-image-907\" title=\"DSCN1745 (4)\" src=\"\/migas-canas\/wp-content\/uploads\/sites\/8\/2012\/09\/DSCN1745-4.jpg\" alt=\"\" width=\"576\" height=\"432\" srcset=\"https:\/\/static-blogs.hoy.es\/wp-content\/uploads\/sites\/8\/2012\/09\/DSCN1745-4.jpg 576w, https:\/\/static-blogs.hoy.es\/wp-content\/uploads\/sites\/8\/2012\/09\/DSCN1745-4-300x225.jpg 300w\" sizes=\"(max-width: 576px) 100vw, 576px\" \/><\/a>El paseo Condes de Barcelona es un espacio n\u00edtido y amplio por donde pasan a diario cientos de personas, algunos se sientan en los bancos de hierro para respirar el aire limpio de los \u00e1rboles gigantescos con nidos y p\u00e1jaros que para algunos son hermosos trinos mientras que para los vecinos se transforman en ensordecedores ruidos con los que duermen y sobre todo despiertan. El paseo Condes de Barcelona es una amplia avenida por donde paso a diario, de vez en cuando, me paro y observo a las personas que lo frecuentan. Los usuarios de parques son de todo tipo y edades, mayores y chicos y un respiro para esa generaci\u00f3n que puede mezclar, en un mismo espacio, hijos peque\u00f1os y padres ancianos. En el parque se juntan los que est\u00e1n olvidando con los que est\u00e1n aprendiendo, los que se emocionan cuando descubren que dan los primeros pasos y los que se entristecen cuando ven que ya no pueden dar un paso.<br \/>\nEntre los habituales, en los bancos del principio, a la sombra de majestuosos plataneros,se sienta un se\u00f1or bien vestido, que siempre esta leyendo en un libro electr\u00f3nico. Mas adelante, Jos\u00e9,que se hace llamar Pepe Badajoz en el blog del HOY donde comenta libros, pasea fumando en pipa siempre con un texto entre las manos.<br \/>\n<a href=\"\/migas-canas\/wp-content\/uploads\/sites\/8\/2012\/09\/DSCN1743-3.jpg\"><img loading=\"lazy\" class=\"aligncenter size-full wp-image-908\" title=\"DSCN1743 (3)\" src=\"\/migas-canas\/wp-content\/uploads\/sites\/8\/2012\/09\/DSCN1743-3.jpg\" alt=\"\" width=\"560\" height=\"420\" srcset=\"https:\/\/static-blogs.hoy.es\/wp-content\/uploads\/sites\/8\/2012\/09\/DSCN1743-3.jpg 560w, https:\/\/static-blogs.hoy.es\/wp-content\/uploads\/sites\/8\/2012\/09\/DSCN1743-3-300x225.jpg 300w\" sizes=\"(max-width: 560px) 100vw, 560px\" \/><\/a>el parque se escapan miradas furtivas hac\u00eda la espalda de hermosas mujeres, con los a\u00f1os uno tiene reparo en girar la cabeza para mirar con el descaro de juventud. El deseo no camina paralelo al deterioro del cuerpo.<br \/>\nEn un banco aislado, una pareja de adolescentes, ajena al trasiego del personal, se miran con los ojos limpios del amor tierno y verdadero sin ser conscientes de que el amor tierno y verdadero no es para siempre.<br \/>\nSe\u00f1oras mayores hablan en voz alta de la iglesia nueva, dicen que el cura es muy simp\u00e1tico pero ellas ya no se arrodillaran m\u00e1s porque el reclinatorio se clava y duele. Arrodillarse siempre fue duro.<br \/>\n<a href=\"\/migas-canas\/wp-content\/uploads\/sites\/8\/2012\/09\/DSC01118-3.jpg\"><img loading=\"lazy\" class=\"aligncenter size-full wp-image-909\" title=\"DSC01118 (3)\" src=\"\/migas-canas\/wp-content\/uploads\/sites\/8\/2012\/09\/DSC01118-3.jpg\" alt=\"\" width=\"644\" height=\"483\" srcset=\"https:\/\/static-blogs.hoy.es\/wp-content\/uploads\/sites\/8\/2012\/09\/DSC01118-3.jpg 644w, https:\/\/static-blogs.hoy.es\/wp-content\/uploads\/sites\/8\/2012\/09\/DSC01118-3-300x225.jpg 300w\" sizes=\"(max-width: 644px) 100vw, 644px\" \/><\/a>Los amantes de los perros se re\u00fanen en la \u00faltima parte del paseo conocida por los vecinos como zona canina y donde han colocado, recientemente, un pipican aunque los perros siguen evacuando donde siempre lo hicieron, en el c\u00e9sped.<br \/>\nCondes de Barcelona es un paseo en pendiente que el caminante sube entre hermosos plataneros como una melod\u00eda como,el bolero de Ravel que llega a su punto culminante con la imagen del edificio rojo del Centro de Salud de Valdepasillas y la iglesia blanca del Esp\u00edritu Santo, para poder sanar,, en un mismo espacio, alma y cuerpo.<\/p>\n<!-- AddThis Advanced Settings generic via filter on the_content --><!-- AddThis Share Buttons generic via filter on the_content -->","protected":false},"excerpt":{"rendered":"<p>El paseo Condes de Barcelona es un espacio n\u00edtido y amplio por donde pasan a diario cientos de personas, algunos se sientan en los bancos de hierro para respirar el aire limpio de los \u00e1rboles gigantescos con nidos y p\u00e1jaros que para algunos son hermosos trinos mientras que para los vecinos se transforman en ensordecedores [&hellip;]<!-- AddThis Advanced Settings generic via filter on get_the_excerpt --><!-- AddThis Share Buttons generic via filter on get_the_excerpt --><\/p>\n","protected":false},"author":10,"featured_media":0,"comment_status":"open","ping_status":"closed","sticky":false,"template":"","format":"standard","meta":[],"categories":[2],"tags":[],"_links":{"self":[{"href":"https:\/\/blogs.hoy.es\/migas-canas\/wp-json\/wp\/v2\/posts\/129"}],"collection":[{"href":"https:\/\/blogs.hoy.es\/migas-canas\/wp-json\/wp\/v2\/posts"}],"about":[{"href":"https:\/\/blogs.hoy.es\/migas-canas\/wp-json\/wp\/v2\/types\/post"}],"author":[{"embeddable":true,"href":"https:\/\/blogs.hoy.es\/migas-canas\/wp-json\/wp\/v2\/users\/10"}],"replies":[{"embeddable":true,"href":"https:\/\/blogs.hoy.es\/migas-canas\/wp-json\/wp\/v2\/comments?post=129"}],"version-history":[{"count":0,"href":"https:\/\/blogs.hoy.es\/migas-canas\/wp-json\/wp\/v2\/posts\/129\/revisions"}],"wp:attachment":[{"href":"https:\/\/blogs.hoy.es\/migas-canas\/wp-json\/wp\/v2\/media?parent=129"}],"wp:term":[{"taxonomy":"category","embeddable":true,"href":"https:\/\/blogs.hoy.es\/migas-canas\/wp-json\/wp\/v2\/categories?post=129"},{"taxonomy":"post_tag","embeddable":true,"href":"https:\/\/blogs.hoy.es\/migas-canas\/wp-json\/wp\/v2\/tags?post=129"}],"curies":[{"name":"wp","href":"https:\/\/api.w.org\/{rel}","templated":true}]}}