{"id":1316,"date":"2018-05-29T06:21:14","date_gmt":"2018-05-29T05:21:14","guid":{"rendered":"http:\/\/blogs.hoy.es\/migas-canas\/?p=1316"},"modified":"2018-05-29T06:36:56","modified_gmt":"2018-05-29T05:36:56","slug":"jesus-gordillo","status":"publish","type":"post","link":"https:\/\/blogs.hoy.es\/migas-canas\/2018\/05\/29\/jesus-gordillo\/","title":{"rendered":"JES\u00daS GORDILLO"},"content":{"rendered":"<p class=\"western\"><a href=\"https:\/\/static-blogs.hoy.es\/wp-content\/uploads\/sites\/8\/2018\/05\/DSC06359-2.jpg\"><img loading=\"lazy\" class=\"alignnone size-full wp-image-1317\" src=\"https:\/\/static-blogs.hoy.es\/wp-content\/uploads\/sites\/8\/2018\/05\/DSC06359-2.jpg\" alt=\"dsc06359-2\" width=\"759\" height=\"525\" srcset=\"https:\/\/static-blogs.hoy.es\/wp-content\/uploads\/sites\/8\/2018\/05\/DSC06359-2.jpg 759w, https:\/\/static-blogs.hoy.es\/wp-content\/uploads\/sites\/8\/2018\/05\/DSC06359-2-300x208.jpg 300w\" sizes=\"(max-width: 759px) 100vw, 759px\" \/><\/a>Cuando el SES era Insalud convocaba un concurso de relatos entre sus trabajadores. El a\u00f1o que me present\u00e9 gan\u00f3 Jes\u00fas Gordillo. Seg\u00fan la entrevista realizada por Antonio Gilgado en este peri\u00f3dico, ganar el concurso del SES le hizo venirse arriba y empezar a escribir. Tan arriba se vino que ya va por su quinto libro. A Jes\u00fas, aunque es compa\u00f1ero en el SES, solo lo conozco de haber asistido, como espectador y comprador, a la presentaci\u00f3n de sus dos \u00faltimas obras.<\/p>\n<p class=\"western\"><a href=\"https:\/\/static-blogs.hoy.es\/wp-content\/uploads\/sites\/8\/2018\/04\/DSC05070-2.jpg\"><img loading=\"lazy\" class=\"alignnone size-full wp-image-1310\" src=\"https:\/\/static-blogs.hoy.es\/wp-content\/uploads\/sites\/8\/2018\/04\/DSC05070-2.jpg\" alt=\"dsc05070-2\" width=\"654\" height=\"435\" srcset=\"https:\/\/static-blogs.hoy.es\/wp-content\/uploads\/sites\/8\/2018\/04\/DSC05070-2.jpg 654w, https:\/\/static-blogs.hoy.es\/wp-content\/uploads\/sites\/8\/2018\/04\/DSC05070-2-300x200.jpg 300w\" sizes=\"(max-width: 654px) 100vw, 654px\" \/><\/a>De Jes\u00fas he le\u00eddo, adem\u00e1s del relato ganador, \u201cEn el Lago\u201d, que es el cuarto y esta escrito a cuatro manos y el \u00faltimo, titulado \u201cDioses, fantasmas o demonios\u201d. A pesar de la inquina que le tengo por arrebatarme aquel primer puesto, tengo que reconocer que me ha gustado la historia que desarrolla en un pueblo inventado de Noruega, donde se siente un fr\u00edo helador y angustioso desde las primeras p\u00e1ginas. Me gustan eso personajes singulares que nos va presentado el autor, desarrollando una inquietante y a la vez entretenida historia. Mi preferido es un tipo duro y alcoh\u00f3lico al que llama Matafocas. Lo le\u00ed casi del tir\u00f3n quitando horas al sue\u00f1o. He disfrutado meti\u00e9ndome dentro de una historia bien escrita, amena, que se lee sin interrupci\u00f3n ante la curiosidad de saber que va a pasar en las siguientes p\u00e1ginas. Reconozco, a pesar de la inquina que tengo a Jes\u00fas, que se me han hecho cortas las 250 p\u00e1ginas de \u201cDioses, fantasmas o demonios\u201d. No voy a hablar m\u00e1s del libro, ni hacer ninguna an\u00e1lisis, bastante harto acabe de hacer comentarios de textos cuando estudiaba filolog\u00eda, aunque, y por si alg\u00fan d\u00eda soy pol\u00edtico, he de decir que no termin\u00e9 la carrera, ni pienso hacerlo. No tengo vocaci\u00f3n pol\u00edtica.<\/p>\n<p class=\"western\"><a href=\"https:\/\/static-blogs.hoy.es\/wp-content\/uploads\/sites\/8\/2018\/03\/DSC04674-2.jpg\"><img loading=\"lazy\" class=\"alignnone size-full wp-image-1273\" src=\"https:\/\/static-blogs.hoy.es\/wp-content\/uploads\/sites\/8\/2018\/03\/DSC04674-2.jpg\" alt=\"dsc04674-2\" width=\"1364\" height=\"908\" srcset=\"https:\/\/static-blogs.hoy.es\/wp-content\/uploads\/sites\/8\/2018\/03\/DSC04674-2.jpg 1364w, https:\/\/static-blogs.hoy.es\/wp-content\/uploads\/sites\/8\/2018\/03\/DSC04674-2-300x200.jpg 300w, https:\/\/static-blogs.hoy.es\/wp-content\/uploads\/sites\/8\/2018\/03\/DSC04674-2-768x511.jpg 768w, https:\/\/static-blogs.hoy.es\/wp-content\/uploads\/sites\/8\/2018\/03\/DSC04674-2-1024x682.jpg 1024w\" sizes=\"(max-width: 1364px) 100vw, 1364px\" \/><\/a>Jes\u00fas present\u00f3 su quinto libro en Badajoz sin engreimiento, sin vanidad,sin voz engolada, en pantalones vaqueros y camiseta con mensaje. Lo organiz\u00f3 en su ambiente, entre su gente en una sala de juegos de Mar\u00eda Auxiliadora con su amigo, el comunicador Da Silva, y un grupo de m\u00fasicos con los que tambi\u00e9n colabora. Un tipo normal, o no tan normal que va por su quinto libro, que se cas\u00f3 en las Vegas vestido de Elvis. Un t\u00edo que escribe por las tardes y se gana la vida por las ma\u00f1ana trabajando en el SES, y que todav\u00eda no ha hecho m\u00e9ritos suficientes para estar en la feria del libro. \u00bfSer\u00e1 por aquello del profeta y su tierra?<\/p>\n<!-- AddThis Advanced Settings generic via filter on the_content --><!-- AddThis Share Buttons generic via filter on the_content -->","protected":false},"excerpt":{"rendered":"<p>Cuando el SES era Insalud convocaba un concurso de relatos entre sus trabajadores. El a\u00f1o que me present\u00e9 gan\u00f3 Jes\u00fas Gordillo. Seg\u00fan la entrevista realizada por Antonio Gilgado en este peri\u00f3dico, ganar el concurso del SES le hizo venirse arriba y empezar a escribir. Tan arriba se vino que ya va por su quinto libro. [&hellip;]<!-- AddThis Advanced Settings generic via filter on get_the_excerpt --><!-- AddThis Share Buttons generic via filter on get_the_excerpt --><\/p>\n","protected":false},"author":11,"featured_media":1317,"comment_status":"open","ping_status":"closed","sticky":false,"template":"","format":"standard","meta":[],"categories":[2],"tags":[1301,1306,1300,1302,1299,1304,1305,1303],"_links":{"self":[{"href":"https:\/\/blogs.hoy.es\/migas-canas\/wp-json\/wp\/v2\/posts\/1316"}],"collection":[{"href":"https:\/\/blogs.hoy.es\/migas-canas\/wp-json\/wp\/v2\/posts"}],"about":[{"href":"https:\/\/blogs.hoy.es\/migas-canas\/wp-json\/wp\/v2\/types\/post"}],"author":[{"embeddable":true,"href":"https:\/\/blogs.hoy.es\/migas-canas\/wp-json\/wp\/v2\/users\/11"}],"replies":[{"embeddable":true,"href":"https:\/\/blogs.hoy.es\/migas-canas\/wp-json\/wp\/v2\/comments?post=1316"}],"version-history":[{"count":1,"href":"https:\/\/blogs.hoy.es\/migas-canas\/wp-json\/wp\/v2\/posts\/1316\/revisions"}],"predecessor-version":[{"id":1318,"href":"https:\/\/blogs.hoy.es\/migas-canas\/wp-json\/wp\/v2\/posts\/1316\/revisions\/1318"}],"wp:featuredmedia":[{"embeddable":true,"href":"https:\/\/blogs.hoy.es\/migas-canas\/wp-json\/wp\/v2\/media\/1317"}],"wp:attachment":[{"href":"https:\/\/blogs.hoy.es\/migas-canas\/wp-json\/wp\/v2\/media?parent=1316"}],"wp:term":[{"taxonomy":"category","embeddable":true,"href":"https:\/\/blogs.hoy.es\/migas-canas\/wp-json\/wp\/v2\/categories?post=1316"},{"taxonomy":"post_tag","embeddable":true,"href":"https:\/\/blogs.hoy.es\/migas-canas\/wp-json\/wp\/v2\/tags?post=1316"}],"curies":[{"name":"wp","href":"https:\/\/api.w.org\/{rel}","templated":true}]}}