{"id":1344,"date":"2018-08-07T23:20:48","date_gmt":"2018-08-07T22:20:48","guid":{"rendered":"http:\/\/blogs.hoy.es\/migas-canas\/?p=1344"},"modified":"2018-08-07T23:20:48","modified_gmt":"2018-08-07T22:20:48","slug":"este-coche-es-una-ruina","status":"publish","type":"post","link":"https:\/\/blogs.hoy.es\/migas-canas\/2018\/08\/07\/este-coche-es-una-ruina\/","title":{"rendered":"ESTE COCHE ES UNA RUINA"},"content":{"rendered":"<p><a href=\"https:\/\/static-blogs.hoy.es\/wp-content\/uploads\/sites\/8\/2018\/08\/itv-2.jpg\"><img loading=\"lazy\" src=\"https:\/\/static-blogs.hoy.es\/wp-content\/uploads\/sites\/8\/2018\/08\/itv-2.jpg\" alt=\"itv-2\" width=\"376\" height=\"234\" class=\"alignnone size-full wp-image-1345\" srcset=\"https:\/\/static-blogs.hoy.es\/wp-content\/uploads\/sites\/8\/2018\/08\/itv-2.jpg 376w, https:\/\/static-blogs.hoy.es\/wp-content\/uploads\/sites\/8\/2018\/08\/itv-2-300x187.jpg 300w\" sizes=\"(max-width: 376px) 100vw, 376px\" \/><\/a>Eran las tres de la tarde de un viernes de finales de julio. Esa hora de verano en la que ciudad se queda vac\u00eda y las carreteras se llenan. Yo, igual que hace dos a\u00f1os, fui a Olivenza para pasar la ITV del coche pensando que habr\u00eda pocas personas en la cola.  Una vez all\u00ed, y despu\u00e9s de presentar la documentaci\u00f3n, me dijeron: \u201cPase por la l\u00ednea tres\u201d. Lo que no me dijeron es que a la l\u00ednea tres \u00edbamos los paria de la ITV, los dejados, los que no hab\u00edamos tenido la prudencia de haber pedido cita dos meses antes. Cuando llevaba una hora  parado, y ya no sab\u00eda si esperaba para pasar la revisi\u00f3n o la frontera de Algeciras, sal\u00ed del coche. La cola daba la vuelta a un edificio que mezcla hormig\u00f3n con grandes cristaleras. Una obra considerada por algunos como una construcci\u00f3n vanguardista. Yo no estaba para admirar el arte en una circunstancias en la que me sent\u00eda m\u00e1s pr\u00f3ximo al pasto amarillo que hab\u00eda detr\u00e1s de las alambradas, un amarillo seco y pegajoso de chicharras y sudor. Baj\u00e9 del coche, fui a informarme sobre la lentitud de la cola, me dijeron que me devolv\u00edan el dinero y me daban cita para dentro de mes y medio. Era viernes por la tarde y no ten\u00eda nada mejor que hacer, as\u00ed que me qued\u00e9.<br \/>\n<a href=\"https:\/\/static-blogs.hoy.es\/wp-content\/uploads\/sites\/8\/2018\/08\/DSCN1513-3.jpg\"><img loading=\"lazy\" src=\"https:\/\/static-blogs.hoy.es\/wp-content\/uploads\/sites\/8\/2018\/08\/DSCN1513-3.jpg\" alt=\"dscn1513-3\" width=\"727\" height=\"545\" class=\"alignnone size-full wp-image-1346\" srcset=\"https:\/\/static-blogs.hoy.es\/wp-content\/uploads\/sites\/8\/2018\/08\/DSCN1513-3.jpg 727w, https:\/\/static-blogs.hoy.es\/wp-content\/uploads\/sites\/8\/2018\/08\/DSCN1513-3-300x225.jpg 300w\" sizes=\"(max-width: 727px) 100vw, 727px\" \/><\/a>Dej\u00e9 el coche en la cola y me fui a la sombra con los otros conductores.  El del Peugeot con camisa abierta hasta el ombligo dec\u00eda no haber pedido cita porque no ten\u00eda dinero; el  del todoterreno, un joven flaco de largas patillas, presum\u00eda de trabajar en el cortijo del Juli y dar, de vez en cuando, alg\u00fan pase a los novillos. All\u00ed hab\u00eda vecinos de T\u00e1liga,  Olivenza, Valverde Barcarrota&#8230; conductores alop\u00e9cicos, j\u00f3venes en bermudas, mujeres tatuadas&#8230;  Berlanga hubiera hecho una pel\u00edcula. De vez en cuando sal\u00eda de un Citroen Saxo una joven con falda blanca que daba un paseo desde su coche hasta el foso del examen.  Era un respiro de aire fresco en aquel ambiente denso de frentes sudorosa, llave inglesa y mono de trabajo gris con olor a gasolina, o peor, a gas\u00f3il.<br \/>\n<a href=\"https:\/\/static-blogs.hoy.es\/wp-content\/uploads\/sites\/8\/2018\/08\/DSC07142-2.jpg\"><img loading=\"lazy\" src=\"https:\/\/static-blogs.hoy.es\/wp-content\/uploads\/sites\/8\/2018\/08\/DSC07142-2.jpg\" alt=\"dsc07142-2\" width=\"532\" height=\"354\" class=\"alignnone size-full wp-image-1347\" srcset=\"https:\/\/static-blogs.hoy.es\/wp-content\/uploads\/sites\/8\/2018\/08\/DSC07142-2.jpg 532w, https:\/\/static-blogs.hoy.es\/wp-content\/uploads\/sites\/8\/2018\/08\/DSC07142-2-300x200.jpg 300w\" sizes=\"(max-width: 532px) 100vw, 532px\" \/><\/a>Cinco horas m\u00e1s tarde sal\u00ed con el triunfo de una pegatina amarilla en el cristal que autorizaba a mi coche para circular hasta el 2020. Regres\u00e9 a Badajoz con radio Mar\u00eda. Hablaban de la paciencia del santo Job<\/p>\n<p>Diego Algaba Mansilla<\/p>\n<!-- AddThis Advanced Settings generic via filter on the_content --><!-- AddThis Share Buttons generic via filter on the_content -->","protected":false},"excerpt":{"rendered":"<p>Eran las tres de la tarde de un viernes de finales de julio. Esa hora de verano en la que ciudad se queda vac\u00eda y las carreteras se llenan. Yo, igual que hace dos a\u00f1os, fui a Olivenza para pasar la ITV del coche pensando que habr\u00eda pocas personas en la cola. Una vez all\u00ed, [&hellip;]<!-- AddThis Advanced Settings generic via filter on get_the_excerpt --><!-- AddThis Share Buttons generic via filter on get_the_excerpt --><\/p>\n","protected":false},"author":11,"featured_media":0,"comment_status":"open","ping_status":"closed","sticky":false,"template":"","format":"standard","meta":[],"categories":[2],"tags":[125,1314,1316,1313,774,1317,1318,1315],"_links":{"self":[{"href":"https:\/\/blogs.hoy.es\/migas-canas\/wp-json\/wp\/v2\/posts\/1344"}],"collection":[{"href":"https:\/\/blogs.hoy.es\/migas-canas\/wp-json\/wp\/v2\/posts"}],"about":[{"href":"https:\/\/blogs.hoy.es\/migas-canas\/wp-json\/wp\/v2\/types\/post"}],"author":[{"embeddable":true,"href":"https:\/\/blogs.hoy.es\/migas-canas\/wp-json\/wp\/v2\/users\/11"}],"replies":[{"embeddable":true,"href":"https:\/\/blogs.hoy.es\/migas-canas\/wp-json\/wp\/v2\/comments?post=1344"}],"version-history":[{"count":1,"href":"https:\/\/blogs.hoy.es\/migas-canas\/wp-json\/wp\/v2\/posts\/1344\/revisions"}],"predecessor-version":[{"id":1348,"href":"https:\/\/blogs.hoy.es\/migas-canas\/wp-json\/wp\/v2\/posts\/1344\/revisions\/1348"}],"wp:attachment":[{"href":"https:\/\/blogs.hoy.es\/migas-canas\/wp-json\/wp\/v2\/media?parent=1344"}],"wp:term":[{"taxonomy":"category","embeddable":true,"href":"https:\/\/blogs.hoy.es\/migas-canas\/wp-json\/wp\/v2\/categories?post=1344"},{"taxonomy":"post_tag","embeddable":true,"href":"https:\/\/blogs.hoy.es\/migas-canas\/wp-json\/wp\/v2\/tags?post=1344"}],"curies":[{"name":"wp","href":"https:\/\/api.w.org\/{rel}","templated":true}]}}