{"id":1351,"date":"2018-08-15T04:53:12","date_gmt":"2018-08-15T03:53:12","guid":{"rendered":"http:\/\/blogs.hoy.es\/migas-canas\/?p=1351"},"modified":"2018-08-15T06:12:20","modified_gmt":"2018-08-15T05:12:20","slug":"de-llerena-a-berlin-paso-a-paso","status":"publish","type":"post","link":"https:\/\/blogs.hoy.es\/migas-canas\/2018\/08\/15\/de-llerena-a-berlin-paso-a-paso\/","title":{"rendered":"DE LLERENA A BERL\u00cdN PASO A PASO"},"content":{"rendered":"<p><a href=\"https:\/\/static-blogs.hoy.es\/wp-content\/uploads\/sites\/8\/2018\/08\/DSC00382-4.jpg\"><img loading=\"lazy\" src=\"https:\/\/static-blogs.hoy.es\/wp-content\/uploads\/sites\/8\/2018\/08\/DSC00382-4.jpg\" alt=\"dsc00382-4\" width=\"585\" height=\"439\" class=\"alignnone size-full wp-image-1352\" srcset=\"https:\/\/static-blogs.hoy.es\/wp-content\/uploads\/sites\/8\/2018\/08\/DSC00382-4.jpg 585w, https:\/\/static-blogs.hoy.es\/wp-content\/uploads\/sites\/8\/2018\/08\/DSC00382-4-300x225.jpg 300w\" sizes=\"(max-width: 585px) 100vw, 585px\" \/><\/a>Aunque parezca que fue ayer, hace muchos a\u00f1os que Lola Labrador y yo corr\u00edamos tres o cuatro d\u00edas a la semana por las pistas de los alrededores de Llerena. \u00cdbamos andando hasta  un camino que hab\u00eda detr\u00e1s de la piscina desde donde empez\u00e1bamos a correr.  Atraves\u00e1bamos las v\u00edas del tren y  lleg\u00e1bamos hasta cerca de las Casas, sin perder nunca de vista la imagen rotunda de la silueta del castillo de Reina, luego gir\u00e1bamos a la izquierda y volv\u00edamos por otra vereda que llegaba a las traseras de la estaci\u00f3n de trenes. Siempre \u00edbamos solos durante los 8 o 9 km. del recorrido sin encontrarnos con nadie, excepto con un pastor que guiaba a sus ovejas. Pero de pronto, un d\u00eda, vimos a dos jovencitos corriendo en sentido contrario al nuestro. Lola, que era maestra y conoc\u00eda a los ni\u00f1os del pueblo, me dijo que eran el hijo de Basilio el abogado y Alvaro el de Macarena, la veterinaria. Igual que un d\u00eda aparecieron, otro d\u00eda nos los cruzamos andando con ese movimiento el\u00e9ctrico y singular que llevan los marchadores. Si ya era raro ver a alguien corriendo por aquellos lugares y en aquellos tiempos, m\u00e1s raro era verlos haciendo marcha. Nunca m\u00e1s supe de ellos, hasta que hace un tiempo, y ya estando destinado en Badajoz, empec\u00e9 a ver a Alvaro en los peri\u00f3dicos como un destacado deportista.<br \/>\n<a href=\"https:\/\/static-blogs.hoy.es\/wp-content\/uploads\/sites\/8\/2018\/08\/DSC00389.jpg\"><img loading=\"lazy\" src=\"https:\/\/static-blogs.hoy.es\/wp-content\/uploads\/sites\/8\/2018\/08\/DSC00389.jpg\" alt=\"dsc00389\" width=\"644\" height=\"483\" class=\"alignnone size-full wp-image-1353\" srcset=\"https:\/\/static-blogs.hoy.es\/wp-content\/uploads\/sites\/8\/2018\/08\/DSC00389.jpg 644w, https:\/\/static-blogs.hoy.es\/wp-content\/uploads\/sites\/8\/2018\/08\/DSC00389-300x225.jpg 300w\" sizes=\"(max-width: 644px) 100vw, 644px\" \/><\/a>El s\u00e1bado 11 de agosto vi por televisi\u00f3n como ganaba el campeonato de Europa.<br \/>\nEse ni\u00f1o pecoso  que corr\u00eda por los caminos que llevaban a Casas de Reina, hijo de Macarena, la veterinaria que trabajaba conmigo en el Centro de Salud, ha alargado su peque\u00f1a zancada por los caminos solitarios de tierra y piedra llerenense hasta la meta multitudinaria de  Berl\u00edn para convertirse  en campe\u00f3n de Europa, y a mi me ha hecho recordar a mi amiga Lola, al pastor de ovejas, a esos caminos de tierra  y piedra con jaramagos en la cuneta, donde tantas gotas de sudor dejamos en aquellos tiempos en los que correr era un placer practicados por muy pocos.<br \/>\n <a href=\"https:\/\/static-blogs.hoy.es\/wp-content\/uploads\/sites\/8\/2018\/08\/DSC07098.jpg\"><img loading=\"lazy\" src=\"https:\/\/static-blogs.hoy.es\/wp-content\/uploads\/sites\/8\/2018\/08\/DSC07098.jpg\" alt=\"dsc07098\" width=\"697\" height=\"465\" class=\"alignnone size-full wp-image-1356\" srcset=\"https:\/\/static-blogs.hoy.es\/wp-content\/uploads\/sites\/8\/2018\/08\/DSC07098.jpg 697w, https:\/\/static-blogs.hoy.es\/wp-content\/uploads\/sites\/8\/2018\/08\/DSC07098-300x200.jpg 300w\" sizes=\"(max-width: 697px) 100vw, 697px\" \/><\/a>Enhorabuena, Alvaro Mart\u00edn Uriol Batuecas. Muchos a\u00f1os despu\u00e9s, cuando ya pocas cosas me emocionan fuera del circulo infantil de mi ni\u00f1a, has conseguido que salt\u00e9 frente a la pantalla del televisor con ojos vidriosos, y poder presumir de conocerte, aunque t\u00fa ya no te acuerdes de mi y a mi  me cueste reconocer en tu cara de adulto a aquel ni\u00f1o flacucho y ligero.<\/p>\n<!-- AddThis Advanced Settings generic via filter on the_content --><!-- AddThis Share Buttons generic via filter on the_content -->","protected":false},"excerpt":{"rendered":"<p>Aunque parezca que fue ayer, hace muchos a\u00f1os que Lola Labrador y yo corr\u00edamos tres o cuatro d\u00edas a la semana por las pistas de los alrededores de Llerena. \u00cdbamos andando hasta un camino que hab\u00eda detr\u00e1s de la piscina desde donde empez\u00e1bamos a correr. Atraves\u00e1bamos las v\u00edas del tren y lleg\u00e1bamos hasta cerca de [&hellip;]<!-- AddThis Advanced Settings generic via filter on get_the_excerpt --><!-- AddThis Share Buttons generic via filter on get_the_excerpt --><\/p>\n","protected":false},"author":11,"featured_media":1284,"comment_status":"open","ping_status":"closed","sticky":false,"template":"","format":"standard","meta":[],"categories":[2],"tags":[1319,1320,1321,1201,1322,904],"_links":{"self":[{"href":"https:\/\/blogs.hoy.es\/migas-canas\/wp-json\/wp\/v2\/posts\/1351"}],"collection":[{"href":"https:\/\/blogs.hoy.es\/migas-canas\/wp-json\/wp\/v2\/posts"}],"about":[{"href":"https:\/\/blogs.hoy.es\/migas-canas\/wp-json\/wp\/v2\/types\/post"}],"author":[{"embeddable":true,"href":"https:\/\/blogs.hoy.es\/migas-canas\/wp-json\/wp\/v2\/users\/11"}],"replies":[{"embeddable":true,"href":"https:\/\/blogs.hoy.es\/migas-canas\/wp-json\/wp\/v2\/comments?post=1351"}],"version-history":[{"count":5,"href":"https:\/\/blogs.hoy.es\/migas-canas\/wp-json\/wp\/v2\/posts\/1351\/revisions"}],"predecessor-version":[{"id":1360,"href":"https:\/\/blogs.hoy.es\/migas-canas\/wp-json\/wp\/v2\/posts\/1351\/revisions\/1360"}],"wp:featuredmedia":[{"embeddable":true,"href":"https:\/\/blogs.hoy.es\/migas-canas\/wp-json\/wp\/v2\/media\/1284"}],"wp:attachment":[{"href":"https:\/\/blogs.hoy.es\/migas-canas\/wp-json\/wp\/v2\/media?parent=1351"}],"wp:term":[{"taxonomy":"category","embeddable":true,"href":"https:\/\/blogs.hoy.es\/migas-canas\/wp-json\/wp\/v2\/categories?post=1351"},{"taxonomy":"post_tag","embeddable":true,"href":"https:\/\/blogs.hoy.es\/migas-canas\/wp-json\/wp\/v2\/tags?post=1351"}],"curies":[{"name":"wp","href":"https:\/\/api.w.org\/{rel}","templated":true}]}}