{"id":1371,"date":"2018-09-29T20:48:05","date_gmt":"2018-09-29T19:48:05","guid":{"rendered":"http:\/\/blogs.hoy.es\/migas-canas\/?p=1371"},"modified":"2018-09-29T20:48:05","modified_gmt":"2018-09-29T19:48:05","slug":"vacaciones","status":"publish","type":"post","link":"https:\/\/blogs.hoy.es\/migas-canas\/2018\/09\/29\/vacaciones\/","title":{"rendered":"VACACIONES"},"content":{"rendered":"<p><a href=\"https:\/\/static-blogs.hoy.es\/wp-content\/uploads\/sites\/8\/2017\/10\/DSC01045.jpg\"><img loading=\"lazy\" src=\"https:\/\/static-blogs.hoy.es\/wp-content\/uploads\/sites\/8\/2017\/10\/DSC01045.jpg\" alt=\"dsc01045\" width=\"682\" height=\"454\" class=\"alignnone size-full wp-image-1205\" srcset=\"https:\/\/static-blogs.hoy.es\/wp-content\/uploads\/sites\/8\/2017\/10\/DSC01045.jpg 682w, https:\/\/static-blogs.hoy.es\/wp-content\/uploads\/sites\/8\/2017\/10\/DSC01045-300x200.jpg 300w\" sizes=\"(max-width: 682px) 100vw, 682px\" \/><\/a>No fue desde el principio, pero si las \u00faltimas semanas cuando perd\u00ed la noci\u00f3n del tiempo. No me oriento sin horarios establecidos, sin ataduras laborales, sin saber si tengo que ponerme el mono de trabajo del lunes o vestirme con el traje flojo de los domingos. He dejado sin hacer la mitad de las cosas que me propuse y aunque tenga tendencia a la rutina cada d\u00eda era un d\u00eda nuevo.<br \/>\n<a href=\"https:\/\/static-blogs.hoy.es\/wp-content\/uploads\/sites\/8\/2017\/09\/DSC01778-2.jpg\"><img loading=\"lazy\" src=\"https:\/\/static-blogs.hoy.es\/wp-content\/uploads\/sites\/8\/2017\/09\/DSC01778-2.jpg\" alt=\"dsc01778-2\" width=\"1364\" height=\"908\" class=\"alignnone size-full wp-image-1190\" srcset=\"https:\/\/static-blogs.hoy.es\/wp-content\/uploads\/sites\/8\/2017\/09\/DSC01778-2.jpg 1364w, https:\/\/static-blogs.hoy.es\/wp-content\/uploads\/sites\/8\/2017\/09\/DSC01778-2-300x200.jpg 300w, https:\/\/static-blogs.hoy.es\/wp-content\/uploads\/sites\/8\/2017\/09\/DSC01778-2-768x511.jpg 768w, https:\/\/static-blogs.hoy.es\/wp-content\/uploads\/sites\/8\/2017\/09\/DSC01778-2-1024x682.jpg 1024w\" sizes=\"(max-width: 1364px) 100vw, 1364px\" \/><\/a>Me paraliza la inactividad. Ni siquiera he encontrado hueco en mi pereza para escribir una Plaza Alta, por eso esta  va con retraso. Un mes sin obligaciones laborales se ha convertido en un tiempo sin tiempo. La cabeza se me ha vuelto del rev\u00e9s y he pensado en esas cosas en las que no me deja pensar el ajetreo laboral: el amor, la vida, la muerte, la soledad, he tenido tiempo de mirarme en el espejo y dejar de andar de puntillas por los sentimientos. Ha pasando el mes entre im\u00e1genes de musara\u00f1as, alg\u00fan trago de m\u00e1s y alg\u00fan libro de menos.<br \/>\n<a href=\"https:\/\/static-blogs.hoy.es\/wp-content\/uploads\/sites\/8\/2017\/11\/20171029_135324-2.jpg\"><img loading=\"lazy\" src=\"https:\/\/static-blogs.hoy.es\/wp-content\/uploads\/sites\/8\/2017\/11\/20171029_135324-2.jpg\" alt=\"20171029_135324-2\" width=\"955\" height=\"537\" class=\"alignnone size-full wp-image-1226\" srcset=\"https:\/\/static-blogs.hoy.es\/wp-content\/uploads\/sites\/8\/2017\/11\/20171029_135324-2.jpg 955w, https:\/\/static-blogs.hoy.es\/wp-content\/uploads\/sites\/8\/2017\/11\/20171029_135324-2-300x169.jpg 300w, https:\/\/static-blogs.hoy.es\/wp-content\/uploads\/sites\/8\/2017\/11\/20171029_135324-2-768x432.jpg 768w\" sizes=\"(max-width: 955px) 100vw, 955px\" \/><\/a>Aunque parezca que el tiempo no pasa, pasa,y un lunes tuve que incorporarme.<br \/>\nMe puse a buscar para escribir. La actualidad era vomitiva. Nos entretienen con m\u00e1steres y tesis, mariconadas y rufianes,el congreso convertido en el plat\u00f3 de S\u00e1lvame, cuando la preocupaci\u00f3n de la gente no est\u00e1 en el bochornoso espect\u00e1culo de pol\u00edticos tir\u00e1ndose piedras. La gasolina y la luz suben y el paro va en  aumento, tampoco quer\u00eda escribir de eso,ni del camalote, ni de los perros.<br \/>\nEstos primeros d\u00edas laborales, despu\u00e9s de dirigir de nuevo la cabeza a la sensatez establecida he pensado en  pr\u00f3ximos art\u00edculos. Las vacaciones me han dado para columnas futuras: Los paseos por los barrios de Badajoz, volver al bar Eloy: el de las mondongas de mi juventud donde nos jug\u00e1bamos la raci\u00f3n a la cuatrola, el chiringuito del r\u00edo, los paseos en bici, la Granadilla, Lolo Auni\u00f3n y sus medallas, la amistad, la barra del bar, los museos: fotograf\u00edas en el Luis de Morales, los cuadros de siempre del MEIAC, la sala ArteJoven.<br \/>\nVuelvo al trabajo con m\u00e1s calor del que me fui, con la intenci\u00f3n de pensar en m\u00ed, de parar de vez en cuando y vivir en el placer de la cotidianidad, de las cosas peque\u00f1as. La vida esta pasando a velocidad de v\u00e9rtigo y algunas veces se me olvidan que lo importante son ellos: Manuel, Alicia, Nuria, Jos\u00e9, familia, vecinos, amigos, compa\u00f1eros.<\/p>\n<!-- AddThis Advanced Settings generic via filter on the_content --><!-- AddThis Share Buttons generic via filter on the_content -->","protected":false},"excerpt":{"rendered":"<p>No fue desde el principio, pero si las \u00faltimas semanas cuando perd\u00ed la noci\u00f3n del tiempo. No me oriento sin horarios establecidos, sin ataduras laborales, sin saber si tengo que ponerme el mono de trabajo del lunes o vestirme con el traje flojo de los domingos. He dejado sin hacer la mitad de las cosas [&hellip;]<!-- AddThis Advanced Settings generic via filter on get_the_excerpt --><!-- AddThis Share Buttons generic via filter on get_the_excerpt --><\/p>\n","protected":false},"author":11,"featured_media":1284,"comment_status":"open","ping_status":"closed","sticky":false,"template":"","format":"standard","meta":[],"categories":[1],"tags":[1338,1342,1344,1343,1341,1339,612,658,674,1340,1047],"_links":{"self":[{"href":"https:\/\/blogs.hoy.es\/migas-canas\/wp-json\/wp\/v2\/posts\/1371"}],"collection":[{"href":"https:\/\/blogs.hoy.es\/migas-canas\/wp-json\/wp\/v2\/posts"}],"about":[{"href":"https:\/\/blogs.hoy.es\/migas-canas\/wp-json\/wp\/v2\/types\/post"}],"author":[{"embeddable":true,"href":"https:\/\/blogs.hoy.es\/migas-canas\/wp-json\/wp\/v2\/users\/11"}],"replies":[{"embeddable":true,"href":"https:\/\/blogs.hoy.es\/migas-canas\/wp-json\/wp\/v2\/comments?post=1371"}],"version-history":[{"count":1,"href":"https:\/\/blogs.hoy.es\/migas-canas\/wp-json\/wp\/v2\/posts\/1371\/revisions"}],"predecessor-version":[{"id":1372,"href":"https:\/\/blogs.hoy.es\/migas-canas\/wp-json\/wp\/v2\/posts\/1371\/revisions\/1372"}],"wp:featuredmedia":[{"embeddable":true,"href":"https:\/\/blogs.hoy.es\/migas-canas\/wp-json\/wp\/v2\/media\/1284"}],"wp:attachment":[{"href":"https:\/\/blogs.hoy.es\/migas-canas\/wp-json\/wp\/v2\/media?parent=1371"}],"wp:term":[{"taxonomy":"category","embeddable":true,"href":"https:\/\/blogs.hoy.es\/migas-canas\/wp-json\/wp\/v2\/categories?post=1371"},{"taxonomy":"post_tag","embeddable":true,"href":"https:\/\/blogs.hoy.es\/migas-canas\/wp-json\/wp\/v2\/tags?post=1371"}],"curies":[{"name":"wp","href":"https:\/\/api.w.org\/{rel}","templated":true}]}}