{"id":1373,"date":"2018-10-25T06:22:41","date_gmt":"2018-10-25T05:22:41","guid":{"rendered":"http:\/\/blogs.hoy.es\/migas-canas\/?p=1373"},"modified":"2018-10-25T06:23:29","modified_gmt":"2018-10-25T05:23:29","slug":"duele-mas-la-injusticia","status":"publish","type":"post","link":"https:\/\/blogs.hoy.es\/migas-canas\/2018\/10\/25\/duele-mas-la-injusticia\/","title":{"rendered":"DUELE M\u00c1S LA INJUSTICIA"},"content":{"rendered":"<p><a href=\"https:\/\/static-blogs.hoy.es\/wp-content\/uploads\/sites\/8\/2018\/09\/DSC07235-2.jpg\"><img loading=\"lazy\" src=\"https:\/\/static-blogs.hoy.es\/wp-content\/uploads\/sites\/8\/2018\/09\/DSC07235-2.jpg\" alt=\"dsc07235-2\" width=\"682\" height=\"454\" class=\"alignnone size-full wp-image-1363\" srcset=\"https:\/\/static-blogs.hoy.es\/wp-content\/uploads\/sites\/8\/2018\/09\/DSC07235-2.jpg 682w, https:\/\/static-blogs.hoy.es\/wp-content\/uploads\/sites\/8\/2018\/09\/DSC07235-2-300x200.jpg 300w\" sizes=\"(max-width: 682px) 100vw, 682px\" \/><\/a>Algunas veces uno se despierta de madrugada alertado por un peque\u00f1o dolor sin importancia. Quiz\u00e1s una mala postura que en la espesa negrura de la noche parece que es el fin. Entonces uno se levanta sobresaltado y se  agarra el ordenador para escribir y ahuyentar los malos pensamientos. Es cuando te das cuenta que no tienes nada que llevar al papel y revisas la prensa por si alguna noticia te puede servir de inspiraci\u00f3n. Lees que el Sindicato M\u00e9dico se plantea retirarse de la  Mesa Sectorial, entre otras cosas porque no se ha regulado las bases de las acumulaciones para abonar todas y por todos los motivos, y me parece bien. Aunque en esos momentos uno piensa que seguramente ellos no sepan que a los trabajadores no sanitarios del SES, que tambi\u00e9n realizan acumulaciones, no les abonan ninguna. Esto puede ser uno de los motivos por lo que en los Centros de Salud desde hace unos cinco o seis a\u00f1os no sustituyan ni en verano, ni en Semana Santa, ni en Navidad al personal no sanitario que trabaja, en algunas ocasiones, con la mitad del personal. Realmente lo que duele no es el dinero, es la invisibilidad.<br \/>\n<a href=\"https:\/\/static-blogs.hoy.es\/wp-content\/uploads\/sites\/8\/2017\/10\/DSC03324-2.jpg\"><img loading=\"lazy\" src=\"https:\/\/static-blogs.hoy.es\/wp-content\/uploads\/sites\/8\/2017\/10\/DSC03324-2.jpg\" alt=\"dsc03324-2\" width=\"1364\" height=\"908\" class=\"alignnone size-full wp-image-1213\" srcset=\"https:\/\/static-blogs.hoy.es\/wp-content\/uploads\/sites\/8\/2017\/10\/DSC03324-2.jpg 1364w, https:\/\/static-blogs.hoy.es\/wp-content\/uploads\/sites\/8\/2017\/10\/DSC03324-2-300x200.jpg 300w, https:\/\/static-blogs.hoy.es\/wp-content\/uploads\/sites\/8\/2017\/10\/DSC03324-2-768x511.jpg 768w, https:\/\/static-blogs.hoy.es\/wp-content\/uploads\/sites\/8\/2017\/10\/DSC03324-2-1024x682.jpg 1024w\" sizes=\"(max-width: 1364px) 100vw, 1364px\" \/><\/a>Uno se levanta de madrugada y escribe en la noche cosas de las que se arrepentir\u00e1 durante el d\u00eda, porque despu\u00e9s de unos siete a\u00f1os escribiendo est\u00e1 columna nunca hab\u00eda aburrido a los que me leen con temas caseros porque \u00bfqu\u00e9 sabr\u00e1n los lectores  que son las acumulaciones?, solo saben que cuando acuden a su Centro de Salud porque no le pueden coger el tel\u00e9fono, tienen que hacer largas colas para ser atendidos, ya que donde antes hab\u00eda 6 ahora hay 3 que con cara desencajada hace el mismo <a href=\"https:\/\/static-blogs.hoy.es\/wp-content\/uploads\/sites\/8\/2018\/04\/DSC05070-2.jpg\"><img loading=\"lazy\" src=\"https:\/\/static-blogs.hoy.es\/wp-content\/uploads\/sites\/8\/2018\/04\/DSC05070-2.jpg\" alt=\"dsc05070-2\" width=\"654\" height=\"435\" class=\"alignnone size-full wp-image-1310\" srcset=\"https:\/\/static-blogs.hoy.es\/wp-content\/uploads\/sites\/8\/2018\/04\/DSC05070-2.jpg 654w, https:\/\/static-blogs.hoy.es\/wp-content\/uploads\/sites\/8\/2018\/04\/DSC05070-2-300x200.jpg 300w\" sizes=\"(max-width: 654px) 100vw, 654px\" \/><\/a>trabajo y atienden al mismo n\u00famero de personas. Sin acumulaci\u00f3n.<br \/>\nUno se levanta en mitad de la noche para curar sus miedos y se pone a escribir un art\u00edculo salvador para el alma y aburrido para el lector.<br \/>\nLas molestias en el brazo con el que cre\u00eda que llegar\u00eda el final de mis d\u00edas se olvida cuando empieza a clarear y desde el balc\u00f3n de casa se puede contemplar esos amaneceres naranjas que dan vida y color, y te sientes feliz cuando contemples como el sol sale igual para todos sin que nadie acapare sus rayos formando un paisaje sin due\u00f1o.<\/p>\n<!-- AddThis Advanced Settings generic via filter on the_content --><!-- AddThis Share Buttons generic via filter on the_content -->","protected":false},"excerpt":{"rendered":"<p>Algunas veces uno se despierta de madrugada alertado por un peque\u00f1o dolor sin importancia. Quiz\u00e1s una mala postura que en la espesa negrura de la noche parece que es el fin. Entonces uno se levanta sobresaltado y se agarra el ordenador para escribir y ahuyentar los malos pensamientos. Es cuando te das cuenta que no [&hellip;]<!-- AddThis Advanced Settings generic via filter on get_the_excerpt --><!-- AddThis Share Buttons generic via filter on get_the_excerpt --><\/p>\n","protected":false},"author":11,"featured_media":1284,"comment_status":"open","ping_status":"closed","sticky":false,"template":"","format":"standard","meta":[],"categories":[2],"tags":[1348,1345,1347,1349,964,1346],"_links":{"self":[{"href":"https:\/\/blogs.hoy.es\/migas-canas\/wp-json\/wp\/v2\/posts\/1373"}],"collection":[{"href":"https:\/\/blogs.hoy.es\/migas-canas\/wp-json\/wp\/v2\/posts"}],"about":[{"href":"https:\/\/blogs.hoy.es\/migas-canas\/wp-json\/wp\/v2\/types\/post"}],"author":[{"embeddable":true,"href":"https:\/\/blogs.hoy.es\/migas-canas\/wp-json\/wp\/v2\/users\/11"}],"replies":[{"embeddable":true,"href":"https:\/\/blogs.hoy.es\/migas-canas\/wp-json\/wp\/v2\/comments?post=1373"}],"version-history":[{"count":1,"href":"https:\/\/blogs.hoy.es\/migas-canas\/wp-json\/wp\/v2\/posts\/1373\/revisions"}],"predecessor-version":[{"id":1374,"href":"https:\/\/blogs.hoy.es\/migas-canas\/wp-json\/wp\/v2\/posts\/1373\/revisions\/1374"}],"wp:featuredmedia":[{"embeddable":true,"href":"https:\/\/blogs.hoy.es\/migas-canas\/wp-json\/wp\/v2\/media\/1284"}],"wp:attachment":[{"href":"https:\/\/blogs.hoy.es\/migas-canas\/wp-json\/wp\/v2\/media?parent=1373"}],"wp:term":[{"taxonomy":"category","embeddable":true,"href":"https:\/\/blogs.hoy.es\/migas-canas\/wp-json\/wp\/v2\/categories?post=1373"},{"taxonomy":"post_tag","embeddable":true,"href":"https:\/\/blogs.hoy.es\/migas-canas\/wp-json\/wp\/v2\/tags?post=1373"}],"curies":[{"name":"wp","href":"https:\/\/api.w.org\/{rel}","templated":true}]}}