{"id":1375,"date":"2018-11-07T19:54:54","date_gmt":"2018-11-07T18:54:54","guid":{"rendered":"http:\/\/blogs.hoy.es\/migas-canas\/?p=1375"},"modified":"2018-11-07T19:54:54","modified_gmt":"2018-11-07T18:54:54","slug":"buscando-silencio","status":"publish","type":"post","link":"https:\/\/blogs.hoy.es\/migas-canas\/2018\/11\/07\/buscando-silencio\/","title":{"rendered":"BUSCANDO SILENCIO"},"content":{"rendered":"<p><a href=\"https:\/\/static-blogs.hoy.es\/wp-content\/uploads\/sites\/8\/2018\/09\/DSC07220-2.jpg\"><img loading=\"lazy\" src=\"https:\/\/static-blogs.hoy.es\/wp-content\/uploads\/sites\/8\/2018\/09\/DSC07220-2.jpg\" alt=\"dsc07220-2\" width=\"682\" height=\"454\" class=\"alignnone size-full wp-image-1364\" srcset=\"https:\/\/static-blogs.hoy.es\/wp-content\/uploads\/sites\/8\/2018\/09\/DSC07220-2.jpg 682w, https:\/\/static-blogs.hoy.es\/wp-content\/uploads\/sites\/8\/2018\/09\/DSC07220-2-300x200.jpg 300w\" sizes=\"(max-width: 682px) 100vw, 682px\" \/><\/a>No puedo hablar. Mi m\u00e9dico me ha dado de baja. Siempre he sentido una sensaci\u00f3n rara, de injusticia, cuando escuchaba a empresarios decir que no pod\u00edan darse de baja al ser aut\u00f3nomos\u201d. Nosotros, los funcionarios, tampoco podemos. Nos descuentan. Esto lo ide\u00f3 alg\u00fan pol\u00edtico con un sueldo de 4000 o 5000 euros  para el que 200 o 300 euros al mes no supone nada, quiz\u00e1s la propina que deje en un restaurante, en el caso de que no vaya como invitado. Las personas que no est\u00e1n en condiciones de trabajar tienen dos preocupaciones, una la de su enfermedad, otra c\u00f3mo llegar a final de mes.<br \/>\n<a href=\"https:\/\/static-blogs.hoy.es\/wp-content\/uploads\/sites\/8\/2018\/01\/DSC04992.jpg\"><img loading=\"lazy\" src=\"https:\/\/static-blogs.hoy.es\/wp-content\/uploads\/sites\/8\/2018\/01\/DSC04992.jpg\" alt=\"dsc04992\" width=\"682\" height=\"454\" class=\"alignnone size-full wp-image-1252\" srcset=\"https:\/\/static-blogs.hoy.es\/wp-content\/uploads\/sites\/8\/2018\/01\/DSC04992.jpg 682w, https:\/\/static-blogs.hoy.es\/wp-content\/uploads\/sites\/8\/2018\/01\/DSC04992-300x200.jpg 300w\" sizes=\"(max-width: 682px) 100vw, 682px\" \/><\/a>No tengo voz pero si puedo caminar. Elijo un lugar solitario donde no me encuentre con conocidos. Voy al paseo de la margen derecha del r\u00edo al que acostumbro a ir los fines de semana sorteando deportistas de todas las edades y preparaci\u00f3n f\u00edsica. Sin embargo, las ma\u00f1anas de diario, el escenario cambia y solo me cruzo con alg\u00fan grupo de jubilados. Si el paseo del r\u00edo es atractivo los festivos, los d\u00edas de diario es un para\u00edso casi solitario donde no hay ni perros sueltos, ni los que est\u00e1n inici\u00e1ndose en patinaje, ni los que aprenden a montar en bici sin ruedines, ni  los que fuman andando,ni los que van con la bici a <a href=\"https:\/\/static-blogs.hoy.es\/wp-content\/uploads\/sites\/8\/2017\/08\/DSC00092-3.jpg\"><img loading=\"lazy\" src=\"https:\/\/static-blogs.hoy.es\/wp-content\/uploads\/sites\/8\/2017\/08\/DSC00092-3.jpg\" alt=\"dsc00092-3\" width=\"765\" height=\"510\" class=\"alignnone size-full wp-image-1168\" srcset=\"https:\/\/static-blogs.hoy.es\/wp-content\/uploads\/sites\/8\/2017\/08\/DSC00092-3.jpg 765w, https:\/\/static-blogs.hoy.es\/wp-content\/uploads\/sites\/8\/2017\/08\/DSC00092-3-300x200.jpg 300w\" sizes=\"(max-width: 765px) 100vw, 765px\" \/><\/a>toda pastilla, ni  los que se paran a hablar en grupo ocupado todo el carril.<br \/>\nEl c\u00e9sped est\u00e1 como el de un campo de f\u00fatbol antes del partido, huele a hierba fresca. El  paseo del  r\u00edo es uno de los lugares m\u00e1s bonito de Badajoz para hacer ejercicio, incluso para hacer vida social, los festivos encuentras a media ciudad paseando igual que hace unos a\u00f1os los encontrabas en los bares bebiendo.<br \/>\nDespu\u00e9s de recorrer el paseo a ritmo Rajoy voy a otro lugar silencioso, la Biblioteca P\u00fablica. Busco el libro de Ordesa, el libro al que Antonio Tinoco nos llev\u00f3 desde su columna de los martes. El libro de Manuel Vila no est\u00e1, lo tienen prestado, muchos lectores lo est\u00e1n buscando. Si alguna vez escribo un libro, me gustar\u00eda que Tinoco hablara de \u00e9l en su columna y Judith Figueiredo lo compartiera en redes sociales. Mientras busco a Manuel Vila, leo en la estanter\u00eda  el tejuelo de  Justo Vila,\u201dLuna de agosto\u201d tambi\u00e9n pendiente de leer. Ya sabemos que necesitaremos varias vidas para leer todo lo que queremos.<br \/>\nBadajoz, en octubre, es una ciudad amable de ma\u00f1anas silenciosas que te hace olvidar su terror\u00edfico agosto.<\/p>\n<!-- AddThis Advanced Settings generic via filter on the_content --><!-- AddThis Share Buttons generic via filter on the_content -->","protected":false},"excerpt":{"rendered":"<p>No puedo hablar. Mi m\u00e9dico me ha dado de baja. Siempre he sentido una sensaci\u00f3n rara, de injusticia, cuando escuchaba a empresarios decir que no pod\u00edan darse de baja al ser aut\u00f3nomos\u201d. Nosotros, los funcionarios, tampoco podemos. Nos descuentan. Esto lo ide\u00f3 alg\u00fan pol\u00edtico con un sueldo de 4000 o 5000 euros para el que [&hellip;]<!-- AddThis Advanced Settings generic via filter on get_the_excerpt --><!-- AddThis Share Buttons generic via filter on get_the_excerpt --><\/p>\n","protected":false},"author":11,"featured_media":1284,"comment_status":"open","ping_status":"closed","sticky":false,"template":"","format":"standard","meta":[],"categories":[2],"tags":[65,1352,1331,1350,1351,1354,1355,1353,1204],"_links":{"self":[{"href":"https:\/\/blogs.hoy.es\/migas-canas\/wp-json\/wp\/v2\/posts\/1375"}],"collection":[{"href":"https:\/\/blogs.hoy.es\/migas-canas\/wp-json\/wp\/v2\/posts"}],"about":[{"href":"https:\/\/blogs.hoy.es\/migas-canas\/wp-json\/wp\/v2\/types\/post"}],"author":[{"embeddable":true,"href":"https:\/\/blogs.hoy.es\/migas-canas\/wp-json\/wp\/v2\/users\/11"}],"replies":[{"embeddable":true,"href":"https:\/\/blogs.hoy.es\/migas-canas\/wp-json\/wp\/v2\/comments?post=1375"}],"version-history":[{"count":1,"href":"https:\/\/blogs.hoy.es\/migas-canas\/wp-json\/wp\/v2\/posts\/1375\/revisions"}],"predecessor-version":[{"id":1376,"href":"https:\/\/blogs.hoy.es\/migas-canas\/wp-json\/wp\/v2\/posts\/1375\/revisions\/1376"}],"wp:featuredmedia":[{"embeddable":true,"href":"https:\/\/blogs.hoy.es\/migas-canas\/wp-json\/wp\/v2\/media\/1284"}],"wp:attachment":[{"href":"https:\/\/blogs.hoy.es\/migas-canas\/wp-json\/wp\/v2\/media?parent=1375"}],"wp:term":[{"taxonomy":"category","embeddable":true,"href":"https:\/\/blogs.hoy.es\/migas-canas\/wp-json\/wp\/v2\/categories?post=1375"},{"taxonomy":"post_tag","embeddable":true,"href":"https:\/\/blogs.hoy.es\/migas-canas\/wp-json\/wp\/v2\/tags?post=1375"}],"curies":[{"name":"wp","href":"https:\/\/api.w.org\/{rel}","templated":true}]}}