{"id":1390,"date":"2019-01-07T23:29:12","date_gmt":"2019-01-07T22:29:12","guid":{"rendered":"http:\/\/blogs.hoy.es\/migas-canas\/?p=1390"},"modified":"2019-01-07T23:32:25","modified_gmt":"2019-01-07T22:32:25","slug":"escribir-en-el-hoy","status":"publish","type":"post","link":"https:\/\/blogs.hoy.es\/migas-canas\/2019\/01\/07\/escribir-en-el-hoy\/","title":{"rendered":"ESCRIBIR EN EL HOY"},"content":{"rendered":"<p><a href=\"https:\/\/static-blogs.hoy.es\/wp-content\/uploads\/sites\/8\/2018\/07\/hoy-circle.png\"><img loading=\"lazy\" src=\"https:\/\/static-blogs.hoy.es\/wp-content\/uploads\/sites\/8\/2018\/07\/hoy-circle.png\" alt=\"hoy-circle\" width=\"310\" height=\"308\" class=\"alignnone size-full wp-image-1333\" srcset=\"https:\/\/static-blogs.hoy.es\/wp-content\/uploads\/sites\/8\/2018\/07\/hoy-circle.png 310w, https:\/\/static-blogs.hoy.es\/wp-content\/uploads\/sites\/8\/2018\/07\/hoy-circle-150x150.png 150w, https:\/\/static-blogs.hoy.es\/wp-content\/uploads\/sites\/8\/2018\/07\/hoy-circle-300x298.png 300w\" sizes=\"(max-width: 310px) 100vw, 310px\" \/><\/a>Entr\u00f3 en mi despacho con decisi\u00f3n, sin titubear. Me dio la mano y dijo \u201chombre, el escritor\u201d \u00bfEl escritor? Nunca hab\u00eda pensado en mi como escritor. Cuando escucho la palabra escritor pienso en Cervantes, Garc\u00eda M\u00e1rquez, en escritores locales como Javier Feij\u00f3o, que hace recitales con Nando Juglar y en solitario. Pienso en Jes\u00fas Gordillo que va por su sexta novela. En Pl\u00e1cido Ram\u00edrez, columnista y  poeta que hace vida de escritor participando  de la cultura literaria de la ciudad y de los pueblos. En Juan Francisco Caro, que con una prosa po\u00e9tica cuenta historias antiguas que hacen florecer los sentimientos de siempre. En Mart\u00edn Tamayo, que tiene libros en escuelas, librer\u00edas  y bibliotecas. En \u00c1lvarez Buiza, un reci\u00e9n jubilado al que le han puesto en la cafeter\u00eda de su trabajo una placa que dice \u201cRinc\u00f3n del poeta\u201d.<br \/>\nNo me hace escritor tener un blog y escribir una columna en un peri\u00f3dico, aunque ese peri\u00f3dico sea el de m\u00e1s prestigio y el m\u00e1s le\u00eddo de Extremadura.<br \/>\n<a href=\"https:\/\/static-blogs.hoy.es\/wp-content\/uploads\/sites\/8\/2018\/07\/hoy-circle.png\"><img loading=\"lazy\" src=\"https:\/\/static-blogs.hoy.es\/wp-content\/uploads\/sites\/8\/2018\/07\/hoy-circle.png\" alt=\"hoy-circle\" width=\"310\" height=\"308\" class=\"alignnone size-full wp-image-1333\" srcset=\"https:\/\/static-blogs.hoy.es\/wp-content\/uploads\/sites\/8\/2018\/07\/hoy-circle.png 310w, https:\/\/static-blogs.hoy.es\/wp-content\/uploads\/sites\/8\/2018\/07\/hoy-circle-150x150.png 150w, https:\/\/static-blogs.hoy.es\/wp-content\/uploads\/sites\/8\/2018\/07\/hoy-circle-300x298.png 300w\" sizes=\"(max-width: 310px) 100vw, 310px\" \/><\/a>Escribir en el HOY me da satisfacciones, alg\u00fan quebranto y alguna an\u00e9cdota.<br \/>\nCuando empec\u00e9, hace ya 8 a\u00f1os,un d\u00eda que cruzaba por un parque un se\u00f1or me dijo: \u201cUsted no puede cruzar por el c\u00e9sped, escribe en el HOY y tiene que dar ejemplo\u201d. No contest\u00e9, no sab\u00eda que contestar, tampoco sab\u00eda que no se pod\u00eda pisar el c\u00e9sped. Fue cuando empec\u00e9 a tomar conciencia de lo que supon\u00eda escribir en el HOY.<br \/>\nHace unas semanas record\u00e9 esto, cuando despu\u00e9s de la comida de navidad con mis compa\u00f1eros del Centro de Salud y despu\u00e9s de desga\u00f1itarme en un karaoke, llegu\u00e9 a casa atravesando  media ciudad con un gorro de Pap\u00e1 Noel en la cabeza. En lo primero que pens\u00e9 cuando me vi en el espejo del ascensor fue en el se\u00f1or del parque.<br \/>\nUn amigo al que no veo hace a\u00f1os y que vive y trabaja en C\u00f3rdoba, me felicit\u00f3 las \u00faltimas navidades con un whatsapp de voz que dec\u00eda: \u201cYa no quieres cuenta con nadie, solo te dedicas a escribir esas cosas que sacas en el peri\u00f3dico, que hasta parece que \u00e9ramos buenos. Nosotros hemos sido juerguistas. Escribe de eso, de la noche de aquellos a\u00f1os y no de las ma\u00f1anas que tanto te gustan ahora\u201d.<br \/>\nNo te preocupes que tambi\u00e9n escribir\u00e9 de aquellos a\u00f1os de estudiante, cuando \u00e9ramos felices sin saberlo, si el peri\u00f3dico me sigue dando cancha en el 2019.<br \/>\n Feliz a\u00f1o y salud.<\/p>\n<!-- AddThis Advanced Settings generic via filter on the_content --><!-- AddThis Share Buttons generic via filter on the_content -->","protected":false},"excerpt":{"rendered":"<p>Entr\u00f3 en mi despacho con decisi\u00f3n, sin titubear. Me dio la mano y dijo \u201chombre, el escritor\u201d \u00bfEl escritor? Nunca hab\u00eda pensado en mi como escritor. Cuando escucho la palabra escritor pienso en Cervantes, Garc\u00eda M\u00e1rquez, en escritores locales como Javier Feij\u00f3o, que hace recitales con Nando Juglar y en solitario. Pienso en Jes\u00fas Gordillo [&hellip;]<!-- AddThis Advanced Settings generic via filter on get_the_excerpt --><!-- AddThis Share Buttons generic via filter on get_the_excerpt --><\/p>\n","protected":false},"author":11,"featured_media":0,"comment_status":"open","ping_status":"closed","sticky":false,"template":"","format":"standard","meta":[],"categories":[2],"tags":[42,1373,1374,554,1376,1377,1375],"_links":{"self":[{"href":"https:\/\/blogs.hoy.es\/migas-canas\/wp-json\/wp\/v2\/posts\/1390"}],"collection":[{"href":"https:\/\/blogs.hoy.es\/migas-canas\/wp-json\/wp\/v2\/posts"}],"about":[{"href":"https:\/\/blogs.hoy.es\/migas-canas\/wp-json\/wp\/v2\/types\/post"}],"author":[{"embeddable":true,"href":"https:\/\/blogs.hoy.es\/migas-canas\/wp-json\/wp\/v2\/users\/11"}],"replies":[{"embeddable":true,"href":"https:\/\/blogs.hoy.es\/migas-canas\/wp-json\/wp\/v2\/comments?post=1390"}],"version-history":[{"count":1,"href":"https:\/\/blogs.hoy.es\/migas-canas\/wp-json\/wp\/v2\/posts\/1390\/revisions"}],"predecessor-version":[{"id":1391,"href":"https:\/\/blogs.hoy.es\/migas-canas\/wp-json\/wp\/v2\/posts\/1390\/revisions\/1391"}],"wp:attachment":[{"href":"https:\/\/blogs.hoy.es\/migas-canas\/wp-json\/wp\/v2\/media?parent=1390"}],"wp:term":[{"taxonomy":"category","embeddable":true,"href":"https:\/\/blogs.hoy.es\/migas-canas\/wp-json\/wp\/v2\/categories?post=1390"},{"taxonomy":"post_tag","embeddable":true,"href":"https:\/\/blogs.hoy.es\/migas-canas\/wp-json\/wp\/v2\/tags?post=1390"}],"curies":[{"name":"wp","href":"https:\/\/api.w.org\/{rel}","templated":true}]}}