{"id":1392,"date":"2019-02-12T20:49:08","date_gmt":"2019-02-12T19:49:08","guid":{"rendered":"http:\/\/blogs.hoy.es\/migas-canas\/?p=1392"},"modified":"2019-02-12T20:49:08","modified_gmt":"2019-02-12T19:49:08","slug":"ya-no-puedo-vivir-sin-escribir","status":"publish","type":"post","link":"https:\/\/blogs.hoy.es\/migas-canas\/2019\/02\/12\/ya-no-puedo-vivir-sin-escribir\/","title":{"rendered":"YA NO PUEDO VIVIR SIN ESCRIBIR"},"content":{"rendered":"<p><a href=\"https:\/\/static-blogs.hoy.es\/wp-content\/uploads\/sites\/8\/2017\/05\/DSC01407-3.jpg\"><img loading=\"lazy\" src=\"https:\/\/static-blogs.hoy.es\/wp-content\/uploads\/sites\/8\/2017\/05\/DSC01407-3.jpg\" alt=\"dsc01407-3\" width=\"1804\" height=\"1353\" class=\"alignnone size-full wp-image-1121\" srcset=\"https:\/\/static-blogs.hoy.es\/wp-content\/uploads\/sites\/8\/2017\/05\/DSC01407-3.jpg 1804w, https:\/\/static-blogs.hoy.es\/wp-content\/uploads\/sites\/8\/2017\/05\/DSC01407-3-300x225.jpg 300w, https:\/\/static-blogs.hoy.es\/wp-content\/uploads\/sites\/8\/2017\/05\/DSC01407-3-768x576.jpg 768w, https:\/\/static-blogs.hoy.es\/wp-content\/uploads\/sites\/8\/2017\/05\/DSC01407-3-1024x768.jpg 1024w\" sizes=\"(max-width: 1804px) 100vw, 1804px\" \/><\/a>Hace tiempo que no escribo, que no siento debajo de mis dedos el tacto de las teclas. Este port\u00e1til, con la memoria llena de Plaza Altas, fotograf\u00edas y muchos ratos de melancol\u00eda, ha pasado por el taller. Gracias a la habilidad de \u00c1ngel, el inform\u00e1tico que es capaz de atender a dos cosas a la vez,arregla ordenadores mientras atiende un puesto de loter\u00edas, y a cien eurazos, tengo un ordenador como el de antes del porrazo.<br \/>\nDurante ese tiempo ha habido d\u00edas que los he tomado como vacaciones. D\u00edas en los que la actualidad ha pasado por mi lado sin rozarme. Tambi\u00e9n ha habido d\u00edas que me he mordido la lengua por no poder contar  lo que sent\u00eda con los acontecimientos que se suced\u00edan a velocidad de v\u00e9rtigo. Mi port\u00e1til, como un viejo amigo de barra, manten\u00eda el vaso vac\u00edo mientras que la estanter\u00eda luc\u00eda una botella sin descorchar llena de ideas desordenadas, algunas  dolorosas, otras tiernas, todas nuevas.<br \/>\n<a href=\"https:\/\/static-blogs.hoy.es\/wp-content\/uploads\/sites\/8\/2017\/05\/DSC04511-2.jpg\"><img loading=\"lazy\" src=\"https:\/\/static-blogs.hoy.es\/wp-content\/uploads\/sites\/8\/2017\/05\/DSC04511-2.jpg\" alt=\"dsc04511-2\" width=\"773\" height=\"580\" class=\"alignnone size-full wp-image-1118\" srcset=\"https:\/\/static-blogs.hoy.es\/wp-content\/uploads\/sites\/8\/2017\/05\/DSC04511-2.jpg 773w, https:\/\/static-blogs.hoy.es\/wp-content\/uploads\/sites\/8\/2017\/05\/DSC04511-2-300x225.jpg 300w, https:\/\/static-blogs.hoy.es\/wp-content\/uploads\/sites\/8\/2017\/05\/DSC04511-2-768x576.jpg 768w\" sizes=\"(max-width: 773px) 100vw, 773px\" \/><\/a> He visto como los trenes siguen estrope\u00e1ndose. Los extreme\u00f1os siguen protestando. Protestan  los que viajan en tren, los que no, los que no van a viajar nunca.<br \/>\nPero no todo es tren. La vida de la regi\u00f3n continua rodando al ritmo cansino de la resignaci\u00f3n. Los j\u00f3venes se nos van.  Esperemos que cuando tengamos ese tren digno haya gente para montarse, y Extremadura no sea una ciudad de viejos, de asilos, de p\u00e1jaros raros en Valdeca\u00f1as y Central Nuclear en Almaraz sin alternativa.<br \/>\nEst\u00e1  bien que la gente proteste, qu\u00e9 sea cr\u00edtica con sus gobernantes, que luchemos por el tren. El tren no solo es para personas, tambi\u00e9n para mercanc\u00edas, para conectarnos al progreso, pero que tambi\u00e9n valga esa uni\u00f3n del pueblo en la indignaci\u00f3n para pelear por el empleo; por la desigualdad; por evitar el envejecimiento de la poblaci\u00f3n dando oportunidad a la juventud; por una sanidad para todos. Los que tienen poder adquisitivo contratan seguros privados para evitar las listas de espera. No todos los que protestan por el tren van a montar, pero si todos vamos a pasar por centros de calud y hospitales.<br \/>\n<a href=\"https:\/\/static-blogs.hoy.es\/wp-content\/uploads\/sites\/8\/2018\/04\/DSC05830-3.jpg\"><img loading=\"lazy\" src=\"https:\/\/static-blogs.hoy.es\/wp-content\/uploads\/sites\/8\/2018\/04\/DSC05830-3.jpg\" alt=\"dsc05830-3\" width=\"682\" height=\"454\" class=\"alignnone size-full wp-image-1311\" srcset=\"https:\/\/static-blogs.hoy.es\/wp-content\/uploads\/sites\/8\/2018\/04\/DSC05830-3.jpg 682w, https:\/\/static-blogs.hoy.es\/wp-content\/uploads\/sites\/8\/2018\/04\/DSC05830-3-300x200.jpg 300w\" sizes=\"(max-width: 682px) 100vw, 682px\" \/><\/a>Qu\u00e9 ganas ten\u00eda de tener de nuevo el ordenador debajo de mis dedos, sobre todo d\u00edas atr\u00e1s, y eso que a partir del tercer d\u00eda decid\u00ed no poner  la televisi\u00f3n. Me produce escalofri\u00f3 todos los que ganan audiencias, palabra sin\u00f3nima de dinero, con el dolor de una familia, con la muerte de un ni\u00f1o.<\/p>\n<!-- AddThis Advanced Settings generic via filter on the_content --><!-- AddThis Share Buttons generic via filter on the_content -->","protected":false},"excerpt":{"rendered":"<p>Hace tiempo que no escribo, que no siento debajo de mis dedos el tacto de las teclas. Este port\u00e1til, con la memoria llena de Plaza Altas, fotograf\u00edas y muchos ratos de melancol\u00eda, ha pasado por el taller. Gracias a la habilidad de \u00c1ngel, el inform\u00e1tico que es capaz de atender a dos cosas a la [&hellip;]<!-- AddThis Advanced Settings generic via filter on get_the_excerpt --><!-- AddThis Share Buttons generic via filter on get_the_excerpt --><\/p>\n","protected":false},"author":11,"featured_media":1284,"comment_status":"open","ping_status":"closed","sticky":false,"template":"","format":"standard","meta":[],"categories":[2],"tags":[1378,1379],"_links":{"self":[{"href":"https:\/\/blogs.hoy.es\/migas-canas\/wp-json\/wp\/v2\/posts\/1392"}],"collection":[{"href":"https:\/\/blogs.hoy.es\/migas-canas\/wp-json\/wp\/v2\/posts"}],"about":[{"href":"https:\/\/blogs.hoy.es\/migas-canas\/wp-json\/wp\/v2\/types\/post"}],"author":[{"embeddable":true,"href":"https:\/\/blogs.hoy.es\/migas-canas\/wp-json\/wp\/v2\/users\/11"}],"replies":[{"embeddable":true,"href":"https:\/\/blogs.hoy.es\/migas-canas\/wp-json\/wp\/v2\/comments?post=1392"}],"version-history":[{"count":1,"href":"https:\/\/blogs.hoy.es\/migas-canas\/wp-json\/wp\/v2\/posts\/1392\/revisions"}],"predecessor-version":[{"id":1393,"href":"https:\/\/blogs.hoy.es\/migas-canas\/wp-json\/wp\/v2\/posts\/1392\/revisions\/1393"}],"wp:featuredmedia":[{"embeddable":true,"href":"https:\/\/blogs.hoy.es\/migas-canas\/wp-json\/wp\/v2\/media\/1284"}],"wp:attachment":[{"href":"https:\/\/blogs.hoy.es\/migas-canas\/wp-json\/wp\/v2\/media?parent=1392"}],"wp:term":[{"taxonomy":"category","embeddable":true,"href":"https:\/\/blogs.hoy.es\/migas-canas\/wp-json\/wp\/v2\/categories?post=1392"},{"taxonomy":"post_tag","embeddable":true,"href":"https:\/\/blogs.hoy.es\/migas-canas\/wp-json\/wp\/v2\/tags?post=1392"}],"curies":[{"name":"wp","href":"https:\/\/api.w.org\/{rel}","templated":true}]}}