{"id":1394,"date":"2019-03-06T19:13:23","date_gmt":"2019-03-06T18:13:23","guid":{"rendered":"http:\/\/blogs.hoy.es\/migas-canas\/?p=1394"},"modified":"2019-03-06T19:13:23","modified_gmt":"2019-03-06T18:13:23","slug":"desde-la-terraza","status":"publish","type":"post","link":"https:\/\/blogs.hoy.es\/migas-canas\/2019\/03\/06\/desde-la-terraza\/","title":{"rendered":"DESDE LA TERRAZA"},"content":{"rendered":"<p><a href=\"https:\/\/static-blogs.hoy.es\/wp-content\/uploads\/sites\/8\/2019\/03\/DSC09354-2.jpg\"><img loading=\"lazy\" src=\"https:\/\/static-blogs.hoy.es\/wp-content\/uploads\/sites\/8\/2019\/03\/DSC09354-2.jpg\" alt=\"dsc09354-2\" width=\"682\" height=\"454\" class=\"alignnone size-full wp-image-1395\" srcset=\"https:\/\/static-blogs.hoy.es\/wp-content\/uploads\/sites\/8\/2019\/03\/DSC09354-2.jpg 682w, https:\/\/static-blogs.hoy.es\/wp-content\/uploads\/sites\/8\/2019\/03\/DSC09354-2-300x200.jpg 300w\" sizes=\"(max-width: 682px) 100vw, 682px\" \/><\/a> Me asomo a la terraza que est\u00e1 encima del \u00faltimo piso. Miro el cruce desde arriba. Desde el plano cenital veo los techos de los coches. Todos respetan los sem\u00e1foros. Pasan los que est\u00e1n verde, paran los de rojo.  Circulan coches en un sentido, otros en sentido contrario, nadie choca. Las personas que van andando por la acera se cruzan, paran en los escaparate, hablan con el de al lado, se saludan sin tropezar con el de enfrente. Igual que en un baile sincronizado cada uno sabe lo que tiene que hacer para no interrumpir la marcha del otro. Sin embargo, noto algo raro en el ambiente,un caos que no se ve, quiz\u00e1s puede parecerse a la inquietud. Como si esto en cualquier momento se fuera al garete. Se respira  una especie de  desconfianza, se nota que algo no va bien, hay un denso pesimismo.<br \/>\n<a href=\"https:\/\/static-blogs.hoy.es\/wp-content\/uploads\/sites\/8\/2019\/03\/DSC09308-2.jpg\"><img loading=\"lazy\" src=\"https:\/\/static-blogs.hoy.es\/wp-content\/uploads\/sites\/8\/2019\/03\/DSC09308-2.jpg\" alt=\"dsc09308-2\" width=\"664\" height=\"419\" class=\"alignnone size-full wp-image-1396\" srcset=\"https:\/\/static-blogs.hoy.es\/wp-content\/uploads\/sites\/8\/2019\/03\/DSC09308-2.jpg 664w, https:\/\/static-blogs.hoy.es\/wp-content\/uploads\/sites\/8\/2019\/03\/DSC09308-2-300x189.jpg 300w\" sizes=\"(max-width: 664px) 100vw, 664px\" \/><\/a>En la calle se preguntan: \u00bfa quien votamos? Una duda  peligrosa, como si ninguna candidatura convenciera, menos convencen los l\u00edderes. No s\u00e9 donde quebr\u00f3 la ilusi\u00f3n por votar. Quiz\u00e1s la culpa fue por un exceso de confianza de nuestra parte. Durante mucho tiempo se dijo aquello de \u201cla pol\u00edtica para los pol\u00edticos\u201d. Lo dejamos todo en sus manos. Fue cuando algunos, demasiados, trabajaron m\u00e1s por su beneficio que por el de la colectividad. La pol\u00edtica es de todos, la pol\u00edtica es la vida.<br \/>\nEsa armon\u00eda  de conductores y peatones, de j\u00f3venes y mayores, de hombre y mujeres, de listos y torpes que se organizan para circular sin dificultad en la cotidianidad del d\u00eda a d\u00eda no existe en los despachos pol\u00edticos, donde da la sensaci\u00f3n que se crean m\u00e1s problemas que soluciones.<br \/>\n<a href=\"https:\/\/static-blogs.hoy.es\/wp-content\/uploads\/sites\/8\/2019\/03\/DSC09298-2.jpg\"><img loading=\"lazy\" src=\"https:\/\/static-blogs.hoy.es\/wp-content\/uploads\/sites\/8\/2019\/03\/DSC09298-2.jpg\" alt=\"dsc09298-2\" width=\"546\" height=\"364\" class=\"alignnone size-full wp-image-1397\" srcset=\"https:\/\/static-blogs.hoy.es\/wp-content\/uploads\/sites\/8\/2019\/03\/DSC09298-2.jpg 546w, https:\/\/static-blogs.hoy.es\/wp-content\/uploads\/sites\/8\/2019\/03\/DSC09298-2-300x200.jpg 300w\" sizes=\"(max-width: 546px) 100vw, 546px\" \/><\/a>Veo desde la terraza como un padre ense\u00f1a a un hijo a montar en bicicleta sin ruedines, una chica joven enciende un cigarro, un perro  mea en la rueda de un coche. Cada vez hay m\u00e1s perros. Se respira una sensaci\u00f3n de soledad, cada vez se ven a m\u00e1s personas paseando con perros que cuando llegan a casa por la noche, solos, llenan la madrugada  de wasap, de mensajes  que  cruzan por calles vac\u00edas  de la ciudad con un te quiero, o te echo de menos, me gustar\u00eda que estuvieras aqu\u00ed, a mi lado. Cada vez hay m\u00e1s personas viviendo con un perro para que les haga compa\u00f1\u00eda. Cada vez hay m\u00e1s gente sola, conectada a un m\u00f3vil.<\/p>\n<!-- AddThis Advanced Settings generic via filter on the_content --><!-- AddThis Share Buttons generic via filter on the_content -->","protected":false},"excerpt":{"rendered":"<p>Me asomo a la terraza que est\u00e1 encima del \u00faltimo piso. Miro el cruce desde arriba. Desde el plano cenital veo los techos de los coches. Todos respetan los sem\u00e1foros. Pasan los que est\u00e1n verde, paran los de rojo. Circulan coches en un sentido, otros en sentido contrario, nadie choca. Las personas que van andando [&hellip;]<!-- AddThis Advanced Settings generic via filter on get_the_excerpt --><!-- AddThis Share Buttons generic via filter on get_the_excerpt --><\/p>\n","protected":false},"author":11,"featured_media":1284,"comment_status":"open","ping_status":"closed","sticky":false,"template":"","format":"standard","meta":[],"categories":[2],"tags":[1382,1383,1385,1381,838,1380,1384],"_links":{"self":[{"href":"https:\/\/blogs.hoy.es\/migas-canas\/wp-json\/wp\/v2\/posts\/1394"}],"collection":[{"href":"https:\/\/blogs.hoy.es\/migas-canas\/wp-json\/wp\/v2\/posts"}],"about":[{"href":"https:\/\/blogs.hoy.es\/migas-canas\/wp-json\/wp\/v2\/types\/post"}],"author":[{"embeddable":true,"href":"https:\/\/blogs.hoy.es\/migas-canas\/wp-json\/wp\/v2\/users\/11"}],"replies":[{"embeddable":true,"href":"https:\/\/blogs.hoy.es\/migas-canas\/wp-json\/wp\/v2\/comments?post=1394"}],"version-history":[{"count":1,"href":"https:\/\/blogs.hoy.es\/migas-canas\/wp-json\/wp\/v2\/posts\/1394\/revisions"}],"predecessor-version":[{"id":1398,"href":"https:\/\/blogs.hoy.es\/migas-canas\/wp-json\/wp\/v2\/posts\/1394\/revisions\/1398"}],"wp:featuredmedia":[{"embeddable":true,"href":"https:\/\/blogs.hoy.es\/migas-canas\/wp-json\/wp\/v2\/media\/1284"}],"wp:attachment":[{"href":"https:\/\/blogs.hoy.es\/migas-canas\/wp-json\/wp\/v2\/media?parent=1394"}],"wp:term":[{"taxonomy":"category","embeddable":true,"href":"https:\/\/blogs.hoy.es\/migas-canas\/wp-json\/wp\/v2\/categories?post=1394"},{"taxonomy":"post_tag","embeddable":true,"href":"https:\/\/blogs.hoy.es\/migas-canas\/wp-json\/wp\/v2\/tags?post=1394"}],"curies":[{"name":"wp","href":"https:\/\/api.w.org\/{rel}","templated":true}]}}