{"id":14,"date":"2011-05-11T12:00:00","date_gmt":"2011-05-11T12:00:00","guid":{"rendered":"http:\/\/blogs.hoy.es\/migas-canas\/?p=14"},"modified":"2011-05-11T12:00:00","modified_gmt":"2011-05-11T12:00:00","slug":"los-funcionarios-nunca-tomaban-cafe","status":"publish","type":"post","link":"https:\/\/blogs.hoy.es\/migas-canas\/2011\/05\/11\/los-funcionarios-nunca-tomaban-cafe\/","title":{"rendered":"LOS FUNCIONARIOS QUE NUNCA TOMABAN CAF\u00c9"},"content":{"rendered":"<p>Qu\u00e9 flaco favor ha hecho la literatura al funcionario\u00a1 Lo ha representado en muchas de sus obras como personaje gris, simple y acomplejado, sin iniciativa ni ambici\u00f3n, que vive de la sopa boba consumiendo su vida en el tedio de su mec\u00e1nica tarea.<\/p>\n<p> Personajes de ficci\u00f3n como el del <em>Vuelva usted ma\u00f1ana <\/em>de Larra, o el Matias Moro de <em>El m\u00e1gico aprendiz<\/em> de Landero, o el Jos\u00e9 de <em>Todos los nombres <\/em>de Saramago. han contribuido a alimentar una falsa fama de mediocridad.<\/p>\n<p> En las paredes de las oficinas de muchas empresas, tanto p\u00fablicas como privadas, se pueden ver algunas de las vi\u00f1etas de Forges ,\u201d\u00bfPara cuando quiere usted el trabajo, para ma\u00f1ana?&#8221;, y en el siguiente dibujo se ve a un trabajador tirado en el suelo parti\u00e9ndose de risa.<\/p>\n<p> Hoy, el funcionario es un trabajador que realiza su tarea con profesionalidad. Sobran esos t\u00f3picos peyorativos del pasado. Los funcionarios actuales son personas preparadas y responsables.<\/p>\n<p> Lo cierto, seg\u00fan las estad\u00edsticas, es que los espa\u00f1oles somos los m\u00e1s trabajadores de la Comunidad Europea. Cuando Alemania necesit\u00f3 mano de obra recurri\u00f3 a Espa\u00f1a, y ahora que vuelve a necesitar trabajadores cualificados vuelve a solicitarlo aqu\u00ed.<\/p>\n<p> El t\u00f3pico de sol, playa y chiringuitos. y la imagen del espa\u00f1ol rasc\u00e1ndose la barriga debajo de una sombrilla con una paella y una sangr\u00eda, quedan graciosos pero se alejan de la realidad.<\/p>\n<p> Seg\u00fan los hilarantes e hirientes t\u00f3picos, parece que los funcionarios tengamos una adicci\u00f3n com\u00fan al caf\u00e9. Un defecto gen\u00e9tico, o de adicci\u00f3n que resolvemos con frecuentes visitas, en la jornada laboral, a la cafeter\u00eda de la esquina para regular nuestro cuerpo con dosis frecuentes de cafe\u00edna.<\/p>\n<p> No es cierto, conozco equipos asistenciales (m\u00e9dico y enfermero) que ni siquiera tienen bar en el pueblo donde ejercen su trabajo.Es el caso de Reina y de otros muchos. Me consta que ni Sonia ni Enrique se llevan a la consulta un termo para aplacar el mono.<\/p>\n<!-- AddThis Advanced Settings generic via filter on the_content --><!-- AddThis Share Buttons generic via filter on the_content -->","protected":false},"excerpt":{"rendered":"<p>Qu\u00e9 flaco favor ha hecho la literatura al funcionario\u00a1 Lo ha representado en muchas de sus obras como personaje gris, simple y acomplejado, sin iniciativa ni ambici\u00f3n, que vive de la sopa boba consumiendo su vida en el tedio de su mec\u00e1nica tarea. Personajes de ficci\u00f3n como el del Vuelva usted ma\u00f1ana de Larra, o [&hellip;]<!-- AddThis Advanced Settings generic via filter on get_the_excerpt --><!-- AddThis Share Buttons generic via filter on get_the_excerpt --><\/p>\n","protected":false},"author":10,"featured_media":0,"comment_status":"open","ping_status":"closed","sticky":false,"template":"","format":"standard","meta":[],"categories":[4],"tags":[],"_links":{"self":[{"href":"https:\/\/blogs.hoy.es\/migas-canas\/wp-json\/wp\/v2\/posts\/14"}],"collection":[{"href":"https:\/\/blogs.hoy.es\/migas-canas\/wp-json\/wp\/v2\/posts"}],"about":[{"href":"https:\/\/blogs.hoy.es\/migas-canas\/wp-json\/wp\/v2\/types\/post"}],"author":[{"embeddable":true,"href":"https:\/\/blogs.hoy.es\/migas-canas\/wp-json\/wp\/v2\/users\/10"}],"replies":[{"embeddable":true,"href":"https:\/\/blogs.hoy.es\/migas-canas\/wp-json\/wp\/v2\/comments?post=14"}],"version-history":[{"count":0,"href":"https:\/\/blogs.hoy.es\/migas-canas\/wp-json\/wp\/v2\/posts\/14\/revisions"}],"wp:attachment":[{"href":"https:\/\/blogs.hoy.es\/migas-canas\/wp-json\/wp\/v2\/media?parent=14"}],"wp:term":[{"taxonomy":"category","embeddable":true,"href":"https:\/\/blogs.hoy.es\/migas-canas\/wp-json\/wp\/v2\/categories?post=14"},{"taxonomy":"post_tag","embeddable":true,"href":"https:\/\/blogs.hoy.es\/migas-canas\/wp-json\/wp\/v2\/tags?post=14"}],"curies":[{"name":"wp","href":"https:\/\/api.w.org\/{rel}","templated":true}]}}