{"id":1401,"date":"2019-03-23T18:40:09","date_gmt":"2019-03-23T17:40:09","guid":{"rendered":"http:\/\/blogs.hoy.es\/migas-canas\/?p=1401"},"modified":"2019-03-23T18:42:44","modified_gmt":"2019-03-23T17:42:44","slug":"reflejo-de-mujer","status":"publish","type":"post","link":"https:\/\/blogs.hoy.es\/migas-canas\/2019\/03\/23\/reflejo-de-mujer\/","title":{"rendered":"REFLEJO DE MUJER"},"content":{"rendered":"<p>El 8 de marzo mujeres y  hombres salieron a la  calle. Actos culturales llenaron las salas y plazas de la  ciudad de Badajoz. Se hicieron manifestaciones, conciertos, exposiciones&#8230; Una de estas exposiciones se celebr\u00f3 en una peque\u00f1a  sala de la calle San Isidro llamada Arte Joven. Una sala  que poco a poco se va haciendo un hueco en el panorama cultural de la ciudad gracias al buen hacer de su propietario, Miguel \u00c1ngel Gartz\u00eda Mantec\u00f3n. El d\u00eda 8  se inaugur\u00f3  la exposici\u00f3n colectiva \u201cReflejo de mujer\u201d por parte del grupo \u201cC\u00e1vea\u201d. Un colectivo creado por la artista Salmantina Celia Nestares y que est\u00e1 formado en su mayor\u00eda por profesores de dibujo de ense\u00f1anza media. Licenciados en Bellas Artes  que tiene por objetivo, entre otros, dar a conocer y  reivindicar la importancia del arte en todas las etapas de la ense\u00f1anza, ahora que en los nuevos planes de estudio se le quiere quitar protagonismo igual que ocurre con la filosof\u00eda.<br \/>\n La inauguraci\u00f3n tuvo una buena acogida por parte del numeroso p\u00fablico asistente. Los artistas Susana Bruno P\u00e9rez, Jorge Girbau Bustos,Victoriano Granero,Alfonso Mart\u00ednez-Blay,Alicia Nestares Gazol, Celia M\u00aa Nestares, Isabel Ramos Gutierrez, Mario S\u00e1nchez Ramos,Guadalupe Sevillano Asensio y donde tambi\u00e9n colaboro yo con  fotograf\u00edas aunque no soy profesor. Solo aficionado a la fotograf\u00eda. El viernes 8 Colgamos nuestros cuadros de pintura y fotograf\u00edas en las paredes  de la acogedora y coqueta sala \u201cArte Joven\u201d de la calle San Isidro en Badajoz. Donde estar\u00e1n hasta el 31 de marzo.<\/p>\n<!-- AddThis Advanced Settings generic via filter on the_content --><!-- AddThis Share Buttons generic via filter on the_content -->","protected":false},"excerpt":{"rendered":"<p>El 8 de marzo mujeres y hombres salieron a la calle. Actos culturales llenaron las salas y plazas de la ciudad de Badajoz. Se hicieron manifestaciones, conciertos, exposiciones&#8230; Una de estas exposiciones se celebr\u00f3 en una peque\u00f1a sala de la calle San Isidro llamada Arte Joven. Una sala que poco a poco se va haciendo [&hellip;]<!-- AddThis Advanced Settings generic via filter on get_the_excerpt --><!-- AddThis Share Buttons generic via filter on get_the_excerpt --><\/p>\n","protected":false},"author":11,"featured_media":1384,"comment_status":"open","ping_status":"closed","sticky":false,"template":"","format":"standard","meta":[],"categories":[3],"tags":[1387,103,1386],"_links":{"self":[{"href":"https:\/\/blogs.hoy.es\/migas-canas\/wp-json\/wp\/v2\/posts\/1401"}],"collection":[{"href":"https:\/\/blogs.hoy.es\/migas-canas\/wp-json\/wp\/v2\/posts"}],"about":[{"href":"https:\/\/blogs.hoy.es\/migas-canas\/wp-json\/wp\/v2\/types\/post"}],"author":[{"embeddable":true,"href":"https:\/\/blogs.hoy.es\/migas-canas\/wp-json\/wp\/v2\/users\/11"}],"replies":[{"embeddable":true,"href":"https:\/\/blogs.hoy.es\/migas-canas\/wp-json\/wp\/v2\/comments?post=1401"}],"version-history":[{"count":1,"href":"https:\/\/blogs.hoy.es\/migas-canas\/wp-json\/wp\/v2\/posts\/1401\/revisions"}],"predecessor-version":[{"id":1402,"href":"https:\/\/blogs.hoy.es\/migas-canas\/wp-json\/wp\/v2\/posts\/1401\/revisions\/1402"}],"wp:featuredmedia":[{"embeddable":true,"href":"https:\/\/blogs.hoy.es\/migas-canas\/wp-json\/wp\/v2\/media\/1384"}],"wp:attachment":[{"href":"https:\/\/blogs.hoy.es\/migas-canas\/wp-json\/wp\/v2\/media?parent=1401"}],"wp:term":[{"taxonomy":"category","embeddable":true,"href":"https:\/\/blogs.hoy.es\/migas-canas\/wp-json\/wp\/v2\/categories?post=1401"},{"taxonomy":"post_tag","embeddable":true,"href":"https:\/\/blogs.hoy.es\/migas-canas\/wp-json\/wp\/v2\/tags?post=1401"}],"curies":[{"name":"wp","href":"https:\/\/api.w.org\/{rel}","templated":true}]}}