{"id":1405,"date":"2019-03-27T21:15:54","date_gmt":"2019-03-27T20:15:54","guid":{"rendered":"http:\/\/blogs.hoy.es\/migas-canas\/?p=1405"},"modified":"2019-03-27T21:15:54","modified_gmt":"2019-03-27T20:15:54","slug":"carmona-mendez","status":"publish","type":"post","link":"https:\/\/blogs.hoy.es\/migas-canas\/2019\/03\/27\/carmona-mendez\/","title":{"rendered":"CARMONA M\u00c9NDEZ"},"content":{"rendered":"<p><a href=\"https:\/\/static-blogs.hoy.es\/wp-content\/uploads\/sites\/8\/2019\/03\/DSC08398-2.jpg\"><img loading=\"lazy\" src=\"https:\/\/static-blogs.hoy.es\/wp-content\/uploads\/sites\/8\/2019\/03\/DSC08398-2.jpg\" alt=\"dsc08398-2\" width=\"798\" height=\"531\" class=\"alignnone size-full wp-image-1406\" srcset=\"https:\/\/static-blogs.hoy.es\/wp-content\/uploads\/sites\/8\/2019\/03\/DSC08398-2.jpg 798w, https:\/\/static-blogs.hoy.es\/wp-content\/uploads\/sites\/8\/2019\/03\/DSC08398-2-300x200.jpg 300w, https:\/\/static-blogs.hoy.es\/wp-content\/uploads\/sites\/8\/2019\/03\/DSC08398-2-768x511.jpg 768w\" sizes=\"(max-width: 798px) 100vw, 798px\" \/><\/a>Aparece sentado en un banco de hierro con unas gafas redondas de escritor antiguo. No recuerdo si de peque\u00f1o me ca\u00eda bien o mal. Aunque ahora eso no es importante. Cuando yo era futbolista del Flecha Negra, \u00e9l era arbitro. Entrenaba en el mismo campo que nosotros, el de la Federaci\u00f3n. Corr\u00eda la banda sin nadie que le dirigiera, a su ritmo.<br \/>\n<a href=\"https:\/\/static-blogs.hoy.es\/wp-content\/uploads\/sites\/8\/2018\/02\/IMG-20170416-WA0000.jpg\"><img loading=\"lazy\" src=\"https:\/\/static-blogs.hoy.es\/wp-content\/uploads\/sites\/8\/2018\/02\/IMG-20170416-WA0000.jpg\" alt=\"img-20170416-wa0000\" width=\"720\" height=\"1280\" class=\"alignnone size-full wp-image-1262\" srcset=\"https:\/\/static-blogs.hoy.es\/wp-content\/uploads\/sites\/8\/2018\/02\/IMG-20170416-WA0000.jpg 720w, https:\/\/static-blogs.hoy.es\/wp-content\/uploads\/sites\/8\/2018\/02\/IMG-20170416-WA0000-169x300.jpg 169w, https:\/\/static-blogs.hoy.es\/wp-content\/uploads\/sites\/8\/2018\/02\/IMG-20170416-WA0000-576x1024.jpg 576w\" sizes=\"(max-width: 720px) 100vw, 720px\" \/><\/a>A Carmona M\u00e9ndez lo conoc\u00ed antes de jugar en el  Flecha Negra. Los s\u00e1bados jugamos los de su barrio contra los del  m\u00edo en el patio de los Maristas a pesar de que no \u00e9ramos alumnos del colegio,al menos yo. El hermano Paco y el hermano Daniel nos dejaban utilizar las instalaciones. Algunas veces el hermano Paco jugaba con nosotros. \u00bfQu\u00e9 qui\u00e9n era el hermano Paco? Seguramente todos los muchachos aficionados al deporte de mi generaci\u00f3n lo conoc\u00edan.<br \/>\nCarmona era el portero del otro equipo, siempre fueron porteros los que no sab\u00edan jugar  de delanteros, quiz\u00e1s por eso se hizo arbitro. Y de \u00e1rbitro lleg\u00f3 m\u00e1s lejos que ninguno de nosotros en el  f\u00fatbol, tambi\u00e9n en el de la <a href=\"https:\/\/static-blogs.hoy.es\/wp-content\/uploads\/sites\/8\/2018\/02\/20180216_191019-2.jpg\"><img loading=\"lazy\" src=\"https:\/\/static-blogs.hoy.es\/wp-content\/uploads\/sites\/8\/2018\/02\/20180216_191019-2.jpg\" alt=\"20180216_191019-2\" width=\"968\" height=\"544\" class=\"alignnone size-full wp-image-1263\" srcset=\"https:\/\/static-blogs.hoy.es\/wp-content\/uploads\/sites\/8\/2018\/02\/20180216_191019-2.jpg 968w, https:\/\/static-blogs.hoy.es\/wp-content\/uploads\/sites\/8\/2018\/02\/20180216_191019-2-300x169.jpg 300w, https:\/\/static-blogs.hoy.es\/wp-content\/uploads\/sites\/8\/2018\/02\/20180216_191019-2-768x432.jpg 768w\" sizes=\"(max-width: 968px) 100vw, 968px\" \/><\/a>pol\u00edtica. En el mundo pol\u00edtico ha llegado a algo tan dif\u00edcil como es la honestidad, y la libertad.<br \/>\nA mi me daba envidia verle entrenar solo porque yo siempre he sido un solitario rodeado de gente. Un d\u00eda lo vi en el televisi\u00f3n arbitrando un Madrid Barsa, me emocion\u00f3 verlo en aquel campo de cuidado c\u00e9sped tan distinto a los de tierra donde se inicio. Aunque no somos amigos ni lo hemos sido, nos saludamos por la calle con un hola y un adi\u00f3s.<br \/>\nHace unos d\u00edas, igual que cuando corr\u00eda solo por el campo de la Federaci\u00f3n, sus palabras corrieron libres y sinceras por las p\u00e1ginas de este peri\u00f3dico ante las preguntas de Roc\u00edo Romero Habl\u00f3 con rotundidad, con personalidad, siempre la tuvo, desde chiquinino. Dijo lo que piensa sin pelos en la lengua. Se hizo concejal para hacer cosas y no le han dejado hacer ninguna.  Carmona el abogado ex\u00e1rbitro y quz\u00e1s expol\u00edtico,  se retira desilusionado del Ayuntamiento. Aunque sean personas como \u00e9l las que necesitamos que est\u00e9n en pol\u00edtica, honestas y con personalidad. Esos que saben elogiar las virtudes del rival y que est\u00e1n dispuestas para el  dialogo. Ahora recuerdo, me ca\u00eda bien.<\/p>\n<!-- AddThis Advanced Settings generic via filter on the_content --><!-- AddThis Share Buttons generic via filter on the_content -->","protected":false},"excerpt":{"rendered":"<p>Aparece sentado en un banco de hierro con unas gafas redondas de escritor antiguo. No recuerdo si de peque\u00f1o me ca\u00eda bien o mal. Aunque ahora eso no es importante. Cuando yo era futbolista del Flecha Negra, \u00e9l era arbitro. Entrenaba en el mismo campo que nosotros, el de la Federaci\u00f3n. Corr\u00eda la banda sin [&hellip;]<!-- AddThis Advanced Settings generic via filter on get_the_excerpt --><!-- AddThis Share Buttons generic via filter on get_the_excerpt --><\/p>\n","protected":false},"author":11,"featured_media":1284,"comment_status":"open","ping_status":"closed","sticky":false,"template":"","format":"standard","meta":[],"categories":[2],"tags":[1392,1389,1391,455,1394,1393,697,1390],"_links":{"self":[{"href":"https:\/\/blogs.hoy.es\/migas-canas\/wp-json\/wp\/v2\/posts\/1405"}],"collection":[{"href":"https:\/\/blogs.hoy.es\/migas-canas\/wp-json\/wp\/v2\/posts"}],"about":[{"href":"https:\/\/blogs.hoy.es\/migas-canas\/wp-json\/wp\/v2\/types\/post"}],"author":[{"embeddable":true,"href":"https:\/\/blogs.hoy.es\/migas-canas\/wp-json\/wp\/v2\/users\/11"}],"replies":[{"embeddable":true,"href":"https:\/\/blogs.hoy.es\/migas-canas\/wp-json\/wp\/v2\/comments?post=1405"}],"version-history":[{"count":1,"href":"https:\/\/blogs.hoy.es\/migas-canas\/wp-json\/wp\/v2\/posts\/1405\/revisions"}],"predecessor-version":[{"id":1407,"href":"https:\/\/blogs.hoy.es\/migas-canas\/wp-json\/wp\/v2\/posts\/1405\/revisions\/1407"}],"wp:featuredmedia":[{"embeddable":true,"href":"https:\/\/blogs.hoy.es\/migas-canas\/wp-json\/wp\/v2\/media\/1284"}],"wp:attachment":[{"href":"https:\/\/blogs.hoy.es\/migas-canas\/wp-json\/wp\/v2\/media?parent=1405"}],"wp:term":[{"taxonomy":"category","embeddable":true,"href":"https:\/\/blogs.hoy.es\/migas-canas\/wp-json\/wp\/v2\/categories?post=1405"},{"taxonomy":"post_tag","embeddable":true,"href":"https:\/\/blogs.hoy.es\/migas-canas\/wp-json\/wp\/v2\/tags?post=1405"}],"curies":[{"name":"wp","href":"https:\/\/api.w.org\/{rel}","templated":true}]}}