{"id":1413,"date":"2019-05-20T22:34:46","date_gmt":"2019-05-20T21:34:46","guid":{"rendered":"http:\/\/blogs.hoy.es\/migas-canas\/?p=1413"},"modified":"2019-05-20T22:34:46","modified_gmt":"2019-05-20T21:34:46","slug":"presidentes-y-vocales","status":"publish","type":"post","link":"https:\/\/blogs.hoy.es\/migas-canas\/2019\/05\/20\/presidentes-y-vocales\/","title":{"rendered":"PRESIDENTES Y VOCALES"},"content":{"rendered":"<p><a href=\"https:\/\/static-blogs.hoy.es\/wp-content\/uploads\/sites\/8\/2019\/05\/DSC00254-2.jpg\"><img loading=\"lazy\" src=\"https:\/\/static-blogs.hoy.es\/wp-content\/uploads\/sites\/8\/2019\/05\/DSC00254-2.jpg\" alt=\"dsc00254-2\" width=\"548\" height=\"443\" class=\"alignnone size-full wp-image-1414\" srcset=\"https:\/\/static-blogs.hoy.es\/wp-content\/uploads\/sites\/8\/2019\/05\/DSC00254-2.jpg 548w, https:\/\/static-blogs.hoy.es\/wp-content\/uploads\/sites\/8\/2019\/05\/DSC00254-2-300x243.jpg 300w\" sizes=\"(max-width: 548px) 100vw, 548px\" \/><\/a>Otra vez en campa\u00f1a. No tengo ni idea cu\u00e1nto puede costar una campa\u00f1a electoral: m\u00edtines,  escenarios, transportes&#8230; Todo lo relacionado con las elecciones parece que no tiene l\u00edmites econ\u00f3micos.  Bueno, hay una excepci\u00f3n, y es que tambi\u00e9n participa el pueblo. Esos que por sorteos se encuentran de repente con la responsabilidad de ser Vocales o Presidentes de una mesa; esos que el d\u00eda de las elecciones tienen que estar a las 8 de la ma\u00f1ana en el colegio electoral frente a una urna vac\u00eda y un un mont\u00f3n de papeles que ven por primera vez; esos que tiene que contar cruces y votos  uno a uno, y que cuando los partidos est\u00e1n celebrando la victoria dando saltos en el balc\u00f3n o llorando  la derrota en su sede, todav\u00eda no han acabado y van camino del juzgado para llevar los sobres con las actas y los votos. Les pueden dar las doce, la una, las dos&#8230;Y al amanecer, ya en casa, pueden que vean en sue\u00f1os papeletas  y cruces hechas con bol\u00edgrafos baratos atados a una cuerda.<br \/>\n<a href=\"https:\/\/static-blogs.hoy.es\/wp-content\/uploads\/sites\/8\/2019\/05\/DSC08619-3.jpg\"><img loading=\"lazy\" src=\"https:\/\/static-blogs.hoy.es\/wp-content\/uploads\/sites\/8\/2019\/05\/DSC08619-3.jpg\" alt=\"dsc08619-3\" width=\"682\" height=\"454\" class=\"alignnone size-full wp-image-1415\" srcset=\"https:\/\/static-blogs.hoy.es\/wp-content\/uploads\/sites\/8\/2019\/05\/DSC08619-3.jpg 682w, https:\/\/static-blogs.hoy.es\/wp-content\/uploads\/sites\/8\/2019\/05\/DSC08619-3-300x200.jpg 300w\" sizes=\"(max-width: 682px) 100vw, 682px\" \/><\/a>A eso que trabajan 15,16,17 horas. Esos que no paran ni para desayunar, ni para comer, ni para cenar, ni fichan la entrada ni la salida, a esos les aplican, igual que en la vida real, la famosa austeridad.<br \/>\nVocales y Presidentes de mesa salen a unos 3 euros la hora mientras los l\u00edderes pol\u00edticos, tanto de un partido como de otro, hablan de reformar la Ley Laboral, erradicar el trabajo precario, la econom\u00eda sumergida y prometen un sueldo digno e igualdad para todos.<br \/>\nCogen el micr\u00f3fono para gritar bajo el brillo de los focos con el m\u00e1s convincente y estudiado de sus gestos: \u201cTodos somos iguales\u201d<br \/>\nLe he preguntado a un Inspector de Trabajo, me ha dicho que no se considera un trabajo. \u00bfEntonces qu\u00e9 es? A pesar de lo precario del sueldo hay personas que estar\u00edan dispuesta a aceptarlo, as\u00ed que en lugar de hacer un sorteo podr\u00edan abrir una bolsa de voluntarios, tambi\u00e9n podr\u00edan hacer turnos de ma\u00f1ana y tarde y  llevarles, como m\u00ednimo, un bocadillo y una botella de agua.<br \/>\nMuchos ciudadanos lo que esperan de la las elecciones, m\u00e1s que escuchar promesas que no se cumplan, es que no les toque en una mesa.<\/p>\n<!-- AddThis Advanced Settings generic via filter on the_content --><!-- AddThis Share Buttons generic via filter on the_content -->","protected":false},"excerpt":{"rendered":"<p>Otra vez en campa\u00f1a. No tengo ni idea cu\u00e1nto puede costar una campa\u00f1a electoral: m\u00edtines, escenarios, transportes&#8230; Todo lo relacionado con las elecciones parece que no tiene l\u00edmites econ\u00f3micos. Bueno, hay una excepci\u00f3n, y es que tambi\u00e9n participa el pueblo. Esos que por sorteos se encuentran de repente con la responsabilidad de ser Vocales o [&hellip;]<!-- AddThis Advanced Settings generic via filter on get_the_excerpt --><!-- AddThis Share Buttons generic via filter on get_the_excerpt --><\/p>\n","protected":false},"author":11,"featured_media":1284,"comment_status":"open","ping_status":"closed","sticky":false,"template":"","format":"standard","meta":[],"categories":[2],"tags":[1395,1397,1398,1396],"_links":{"self":[{"href":"https:\/\/blogs.hoy.es\/migas-canas\/wp-json\/wp\/v2\/posts\/1413"}],"collection":[{"href":"https:\/\/blogs.hoy.es\/migas-canas\/wp-json\/wp\/v2\/posts"}],"about":[{"href":"https:\/\/blogs.hoy.es\/migas-canas\/wp-json\/wp\/v2\/types\/post"}],"author":[{"embeddable":true,"href":"https:\/\/blogs.hoy.es\/migas-canas\/wp-json\/wp\/v2\/users\/11"}],"replies":[{"embeddable":true,"href":"https:\/\/blogs.hoy.es\/migas-canas\/wp-json\/wp\/v2\/comments?post=1413"}],"version-history":[{"count":1,"href":"https:\/\/blogs.hoy.es\/migas-canas\/wp-json\/wp\/v2\/posts\/1413\/revisions"}],"predecessor-version":[{"id":1416,"href":"https:\/\/blogs.hoy.es\/migas-canas\/wp-json\/wp\/v2\/posts\/1413\/revisions\/1416"}],"wp:featuredmedia":[{"embeddable":true,"href":"https:\/\/blogs.hoy.es\/migas-canas\/wp-json\/wp\/v2\/media\/1284"}],"wp:attachment":[{"href":"https:\/\/blogs.hoy.es\/migas-canas\/wp-json\/wp\/v2\/media?parent=1413"}],"wp:term":[{"taxonomy":"category","embeddable":true,"href":"https:\/\/blogs.hoy.es\/migas-canas\/wp-json\/wp\/v2\/categories?post=1413"},{"taxonomy":"post_tag","embeddable":true,"href":"https:\/\/blogs.hoy.es\/migas-canas\/wp-json\/wp\/v2\/tags?post=1413"}],"curies":[{"name":"wp","href":"https:\/\/api.w.org\/{rel}","templated":true}]}}