{"id":1417,"date":"2019-06-10T17:20:11","date_gmt":"2019-06-10T16:20:11","guid":{"rendered":"http:\/\/blogs.hoy.es\/migas-canas\/?p=1417"},"modified":"2019-06-10T17:20:11","modified_gmt":"2019-06-10T16:20:11","slug":"fatima-gallardo-manolo-union","status":"publish","type":"post","link":"https:\/\/blogs.hoy.es\/migas-canas\/2019\/06\/10\/fatima-gallardo-manolo-union\/","title":{"rendered":"F\u00c1TIMA GALLARDO. MANOLO UNI\u00d3N"},"content":{"rendered":"<p><a href=\"https:\/\/static-blogs.hoy.es\/wp-content\/uploads\/sites\/8\/2018\/09\/DSC07220-2.jpg\"><img loading=\"lazy\" src=\"https:\/\/static-blogs.hoy.es\/wp-content\/uploads\/sites\/8\/2018\/09\/DSC07220-2.jpg\" alt=\"dsc07220-2\" width=\"682\" height=\"454\" class=\"alignnone size-full wp-image-1364\" srcset=\"https:\/\/static-blogs.hoy.es\/wp-content\/uploads\/sites\/8\/2018\/09\/DSC07220-2.jpg 682w, https:\/\/static-blogs.hoy.es\/wp-content\/uploads\/sites\/8\/2018\/09\/DSC07220-2-300x200.jpg 300w\" sizes=\"(max-width: 682px) 100vw, 682px\" \/><\/a>Voy a una peluquer\u00eda de la calle Estadium que es a la que he ido siempre. No s\u00e9 si ahora en la calle est\u00e1 solo la m\u00eda o hay varias. Badajoz est\u00e1 llena de peluquer\u00edas con est\u00e9tica americana. Yo voy a la de siempre, a la que me llevaba mi padre cuando era ni\u00f1o. Luego entr\u00e9 en esa edad tonta en la que uno se averg\u00fcenza de ir con sus padres, empec\u00e9 a ir solo. Ahora me gustar\u00eda volver con \u00e9l pero ya es tarde.<br \/>\n<a href=\"https:\/\/static-blogs.hoy.es\/wp-content\/uploads\/sites\/8\/2018\/03\/DSC05116-2.jpg\"><img loading=\"lazy\" src=\"https:\/\/static-blogs.hoy.es\/wp-content\/uploads\/sites\/8\/2018\/03\/DSC05116-2.jpg\" alt=\"dsc05116-2\" width=\"682\" height=\"454\" class=\"alignnone size-full wp-image-1290\" srcset=\"https:\/\/static-blogs.hoy.es\/wp-content\/uploads\/sites\/8\/2018\/03\/DSC05116-2.jpg 682w, https:\/\/static-blogs.hoy.es\/wp-content\/uploads\/sites\/8\/2018\/03\/DSC05116-2-300x200.jpg 300w\" sizes=\"(max-width: 682px) 100vw, 682px\" \/><\/a>La peluquer\u00eda la llevaba Pepe, un barbero borrach\u00edn que abr\u00eda sus puertas, no solo a los que \u00edbamos a pelarnos, tambi\u00e9n a sus amigos con los que  hablaba sin prisa de f\u00fatbol, toros y mujeres mientras no paraban de fumar. Im\u00e1genes de un pasado en blanco y negro aderezadas con un hilillo de humo azulado de nicotina, un ambiente qu\u00e9 a\u00f1os despu\u00e9s record\u00e9 en el cine, cuando el barbero del Crack, esa maravillosa pel\u00edcula de Garc\u00ed, hablaba con el detective Germ\u00e1n Areta(Alfredo Landa) del combate de boxeo por el cintur\u00f3n de los pesos pesados en el  Madison Square Garden.<br \/>\n<a href=\"https:\/\/static-blogs.hoy.es\/wp-content\/uploads\/sites\/8\/2017\/08\/DSC00092-2.jpg\"><img loading=\"lazy\" src=\"https:\/\/static-blogs.hoy.es\/wp-content\/uploads\/sites\/8\/2017\/08\/DSC00092-2.jpg\" alt=\"dsc00092-2\" width=\"955\" height=\"636\" class=\"alignnone size-full wp-image-1165\" srcset=\"https:\/\/static-blogs.hoy.es\/wp-content\/uploads\/sites\/8\/2017\/08\/DSC00092-2.jpg 955w, https:\/\/static-blogs.hoy.es\/wp-content\/uploads\/sites\/8\/2017\/08\/DSC00092-2-300x200.jpg 300w, https:\/\/static-blogs.hoy.es\/wp-content\/uploads\/sites\/8\/2017\/08\/DSC00092-2-768x511.jpg 768w\" sizes=\"(max-width: 955px) 100vw, 955px\" \/><\/a>La peluquer\u00eda ahora la lleva una se\u00f1ora que siempre parece una muchacha joven y que tiene en el tabl\u00f3n de anuncios recortes de peri\u00f3dicos con los \u00e9xitos de su hija, la nadadora F\u00e1tima Gallardo. F\u00e1tima nad\u00f3 una final en las Olimpiadas siendo muy joven, tambi\u00e9n fue medalla de Extremadura. Una lesi\u00f3n la retiro de la \u00e9lite. Actualmente entrena y alterna el agua con los estudios.<br \/>\nPropongo, que igual que tenemos ese pabell\u00f3n al gran balonmanista, ahora pol\u00edtico, Juancho P\u00e9rez, el pabell\u00f3n Nuria Cabanillas, el campo de f\u00fatbol Eusebio Bejarano, pongan a la piscina de medidas ol\u00edmpicas, que desde hace diez a\u00f1os est\u00e1n prometiendo en la margen derecha,  el nombre de F\u00e1tima Gallardo,nuestra m\u00e1s ilustre nadadora.<br \/>\nManolo Uni\u00f3n probablemente sea el deportista  extreme\u00f1o que m\u00e1s medallas tiene. Participa en campeonatos nacionales e internacionales de veteranos y siempre trae colgado de su cuello oro,plata o bronce tanto en nataci\u00f3n como atletismo. La Junta le concedi\u00f3 la medalla al M\u00e9rito Deportivo.<br \/>\nUn d\u00eda me regal\u00f3 una medalla. Le dije \u201cesto no se regala, se gana\u201d. Me contest\u00f3 \u201cTengo muchas y ya no me caben en casa\u201d.<br \/>\n<a href=\"https:\/\/static-blogs.hoy.es\/wp-content\/uploads\/sites\/8\/2018\/01\/DSC04992.jpg\"><img loading=\"lazy\" src=\"https:\/\/static-blogs.hoy.es\/wp-content\/uploads\/sites\/8\/2018\/01\/DSC04992.jpg\" alt=\"dsc04992\" width=\"682\" height=\"454\" class=\"alignnone size-full wp-image-1252\" srcset=\"https:\/\/static-blogs.hoy.es\/wp-content\/uploads\/sites\/8\/2018\/01\/DSC04992.jpg 682w, https:\/\/static-blogs.hoy.es\/wp-content\/uploads\/sites\/8\/2018\/01\/DSC04992-300x200.jpg 300w\" sizes=\"(max-width: 682px) 100vw, 682px\" \/><\/a>Lo que \u00e9l no sabe es que yo tambi\u00e9n escrib\u00ed cartas al director en este peri\u00f3dico cuando de forma masiva se ped\u00eda que la Granadilla llevar\u00e1 su nombre. Lolo  entrena y ense\u00f1a sus amplios conocimientos, con la generosidad de maestro jubilado, en una Granadilla que todav\u00eda no lleva su nombre.<\/p>\n<!-- AddThis Advanced Settings generic via filter on the_content --><!-- AddThis Share Buttons generic via filter on the_content -->","protected":false},"excerpt":{"rendered":"<p>Voy a una peluquer\u00eda de la calle Estadium que es a la que he ido siempre. No s\u00e9 si ahora en la calle est\u00e1 solo la m\u00eda o hay varias. Badajoz est\u00e1 llena de peluquer\u00edas con est\u00e9tica americana. Yo voy a la de siempre, a la que me llevaba mi padre cuando era ni\u00f1o. Luego [&hellip;]<!-- AddThis Advanced Settings generic via filter on get_the_excerpt --><!-- AddThis Share Buttons generic via filter on get_the_excerpt --><\/p>\n","protected":false},"author":11,"featured_media":1284,"comment_status":"open","ping_status":"closed","sticky":false,"template":"","format":"standard","meta":[],"categories":[2],"tags":[1403,1406,1404,1401,1400,438,1402,578,1339,1408,677,1407,1405,1399],"_links":{"self":[{"href":"https:\/\/blogs.hoy.es\/migas-canas\/wp-json\/wp\/v2\/posts\/1417"}],"collection":[{"href":"https:\/\/blogs.hoy.es\/migas-canas\/wp-json\/wp\/v2\/posts"}],"about":[{"href":"https:\/\/blogs.hoy.es\/migas-canas\/wp-json\/wp\/v2\/types\/post"}],"author":[{"embeddable":true,"href":"https:\/\/blogs.hoy.es\/migas-canas\/wp-json\/wp\/v2\/users\/11"}],"replies":[{"embeddable":true,"href":"https:\/\/blogs.hoy.es\/migas-canas\/wp-json\/wp\/v2\/comments?post=1417"}],"version-history":[{"count":1,"href":"https:\/\/blogs.hoy.es\/migas-canas\/wp-json\/wp\/v2\/posts\/1417\/revisions"}],"predecessor-version":[{"id":1418,"href":"https:\/\/blogs.hoy.es\/migas-canas\/wp-json\/wp\/v2\/posts\/1417\/revisions\/1418"}],"wp:featuredmedia":[{"embeddable":true,"href":"https:\/\/blogs.hoy.es\/migas-canas\/wp-json\/wp\/v2\/media\/1284"}],"wp:attachment":[{"href":"https:\/\/blogs.hoy.es\/migas-canas\/wp-json\/wp\/v2\/media?parent=1417"}],"wp:term":[{"taxonomy":"category","embeddable":true,"href":"https:\/\/blogs.hoy.es\/migas-canas\/wp-json\/wp\/v2\/categories?post=1417"},{"taxonomy":"post_tag","embeddable":true,"href":"https:\/\/blogs.hoy.es\/migas-canas\/wp-json\/wp\/v2\/tags?post=1417"}],"curies":[{"name":"wp","href":"https:\/\/api.w.org\/{rel}","templated":true}]}}