{"id":142,"date":"2012-09-21T07:49:19","date_gmt":"2012-09-21T06:49:19","guid":{"rendered":"http:\/\/blogs.hoy.es\/migas-canas\/?p=142"},"modified":"2012-09-21T07:49:19","modified_gmt":"2012-09-21T06:49:19","slug":"la-esquina","status":"publish","type":"post","link":"https:\/\/blogs.hoy.es\/migas-canas\/2012\/09\/21\/la-esquina\/","title":{"rendered":"LA ESQUINA"},"content":{"rendered":"<div id=\"attachment_144\" style=\"width: 310px\" class=\"wp-caption aligncenter\"><a href=\"\/migas-canas\/wp-content\/uploads\/sites\/8\/2012\/09\/callemenacho1.jpg\"><img aria-describedby=\"caption-attachment-144\" loading=\"lazy\" class=\"size-medium wp-image-144\" title=\"Calle Menacho de Badajoz.\" src=\"\/migas-canas\/wp-content\/uploads\/sites\/8\/2012\/09\/callemenacho1.jpg\" alt=\"Calle Menacho de Badajoz.\" width=\"300\" height=\"190\" srcset=\"https:\/\/static-blogs.hoy.es\/wp-content\/uploads\/sites\/8\/2012\/09\/callemenacho1.jpg 690w, https:\/\/static-blogs.hoy.es\/wp-content\/uploads\/sites\/8\/2012\/09\/callemenacho1-300x190.jpg 300w\" sizes=\"(max-width: 300px) 100vw, 300px\" \/><\/a><p id=\"caption-attachment-144\" class=\"wp-caption-text\">Calle Menacho de Badajoz.<\/p><\/div>\n<p>Desde esta esquina veo la calle de la derecha y de la izquierda. Veo los \u00e1rboles y el asfalto, veo los contenedores, la acera, la hierba, las paredes blanqueadas y las desconchadas. Veo <strong>Badajoz<\/strong> y <a href=\"http:\/\/es.wikipedia.org\/wiki\/Elvas\" target=\"_blank\" rel=\"external nofollow\">Elvas<\/a>,\u00a0 <a href=\"http:\/\/www.google.es\/url?sa=t&#038;rct=j&#038;q=&#038;esrc=s&#038;source=web&#038;cd=6&#038;ved=0CEcQtwIwBQ&#038;url=http%3A%2F%2Fwww.hoy.es%2Fvideos%2Fvideos-de-hoy%2Fultima-hora%2F1839005841001-faro-abre-puertas.html&#038;ei=rCVcUPuVHNGChQeFnoG4AQ&#038;usg=AFQjCNGsl7stjnsGNdGmHm-oSk2DHRbW1w&#038;sig2=gVIIoQ4hLpdAYV7WTtZd-w\" target=\"_blank\" rel=\"external nofollow\">el Faro<\/a>, la calle <strong>Menacho<\/strong>, que ahora est\u00e1 desierta. La <strong>plaza Alta, San Francisco, San Roque y la Estaci\u00f3n<\/strong>.<\/p>\n<p>No hay nada como una esquina para los que nos gusta mirar. <strong>Celestino<\/strong> va por una calle, y por otra,\u00a0 <strong>Celdr\u00e1n.<\/strong> <strong>Rajoy<\/strong> camina dando tumbos, por mitad del asfalto, arrasando con lo m\u00e1s fr\u00e1gil, como un <strong>Atila de barba recortada<\/strong>. Como a \u00e9l le gusta.<\/p>\n<p>Veo el campo, las casas bajas, y los edificio altos. Desde esta esquina veo pasar septiembre y c\u00f3mo llega octubre, y c\u00f3mo caen las hojas. Veo a los ni\u00f1os que nacen y los ancianos que mueren, a mujeres guapas,\u00a0 a hombres de gimnasios y universitarios en bici.<\/p>\n<p>Desde esta esquina veo pasar la vida, y a <strong>Pedro y a Juan y a Elena<\/strong>, desde aqu\u00ed, desde de esta esquina, veo la monta\u00f1a y el mar. Y el desempleo y la tristeza y la esperanza, veo al borracho y al deportista.<\/p>\n<p>A <a href=\"http:\/\/es.wikipedia.org\/wiki\/Marcel_Proust\" target=\"_blank\" rel=\"external nofollow\">Proust<\/a>, a <a href=\"http:\/\/es.wikipedia.org\/wiki\/Le%C3%B3n_Felipe\" target=\"_blank\" rel=\"external nofollow\">Leon Felipe<\/a>, a <a href=\"http:\/\/www.jmserrat.com\/\" target=\"_blank\" rel=\"external nofollow\">Serrat <\/a>y a <a href=\"http:\/\/www.jmserrat.com\/\" target=\"_blank\" rel=\"external nofollow\">Sabina<\/a>.\u00a0 Por una calle van los <a href=\"http:\/\/www.youtube.com\/watch?v=C0KZQIgjVYg\" target=\"_blank\" rel=\"external nofollow\">Chunguitos<\/a> con el <strong>Porras,<\/strong> por la otra la <a href=\"http:\/\/www.hoy.es\/v\/20120713\/regional\/vigilia-orquesta-extremadura-20120713.html\" target=\"_blank\" rel=\"external nofollow\">Orquesta de Extremadura<\/a>.<\/p>\n<p>Esta es mi esquina donde me paro, me siento y miro, para <strong>una vez en semana<\/strong>, en esta blog, poderlo contar.<\/p>\n<!-- AddThis Advanced Settings generic via filter on the_content --><!-- AddThis Share Buttons generic via filter on the_content -->","protected":false},"excerpt":{"rendered":"<p>Desde esta esquina veo la calle de la derecha y de la izquierda. Veo los \u00e1rboles y el asfalto, veo los contenedores, la acera, la hierba, las paredes blanqueadas y las desconchadas. Veo Badajoz y Elvas,\u00a0 el Faro, la calle Menacho, que ahora est\u00e1 desierta. La plaza Alta, San Francisco, San Roque y la Estaci\u00f3n. [&hellip;]<!-- AddThis Advanced Settings generic via filter on get_the_excerpt --><!-- AddThis Share Buttons generic via filter on get_the_excerpt --><\/p>\n","protected":false},"author":10,"featured_media":0,"comment_status":"open","ping_status":"closed","sticky":false,"template":"","format":"standard","meta":[],"categories":[3],"tags":[76,103,156,190,243,268,378,394,419,602,637,725,779,857,869,877,898,933,941,945,963],"_links":{"self":[{"href":"https:\/\/blogs.hoy.es\/migas-canas\/wp-json\/wp\/v2\/posts\/142"}],"collection":[{"href":"https:\/\/blogs.hoy.es\/migas-canas\/wp-json\/wp\/v2\/posts"}],"about":[{"href":"https:\/\/blogs.hoy.es\/migas-canas\/wp-json\/wp\/v2\/types\/post"}],"author":[{"embeddable":true,"href":"https:\/\/blogs.hoy.es\/migas-canas\/wp-json\/wp\/v2\/users\/10"}],"replies":[{"embeddable":true,"href":"https:\/\/blogs.hoy.es\/migas-canas\/wp-json\/wp\/v2\/comments?post=142"}],"version-history":[{"count":0,"href":"https:\/\/blogs.hoy.es\/migas-canas\/wp-json\/wp\/v2\/posts\/142\/revisions"}],"wp:attachment":[{"href":"https:\/\/blogs.hoy.es\/migas-canas\/wp-json\/wp\/v2\/media?parent=142"}],"wp:term":[{"taxonomy":"category","embeddable":true,"href":"https:\/\/blogs.hoy.es\/migas-canas\/wp-json\/wp\/v2\/categories?post=142"},{"taxonomy":"post_tag","embeddable":true,"href":"https:\/\/blogs.hoy.es\/migas-canas\/wp-json\/wp\/v2\/tags?post=142"}],"curies":[{"name":"wp","href":"https:\/\/api.w.org\/{rel}","templated":true}]}}