{"id":1425,"date":"2019-07-20T07:16:04","date_gmt":"2019-07-20T06:16:04","guid":{"rendered":"http:\/\/blogs.hoy.es\/migas-canas\/?p=1425"},"modified":"2019-07-20T07:16:04","modified_gmt":"2019-07-20T06:16:04","slug":"cosas-de-verano","status":"publish","type":"post","link":"https:\/\/blogs.hoy.es\/migas-canas\/2019\/07\/20\/cosas-de-verano\/","title":{"rendered":"COSAS DE VERANO"},"content":{"rendered":"<p><a href=\"https:\/\/static-blogs.hoy.es\/wp-content\/uploads\/sites\/8\/2019\/07\/20190706_170022.jpg\"><img loading=\"lazy\" src=\"https:\/\/static-blogs.hoy.es\/wp-content\/uploads\/sites\/8\/2019\/07\/20190706_170022.jpg\" alt=\"20190706_170022\" width=\"520\" height=\"293\" class=\"alignnone size-full wp-image-1426\" srcset=\"https:\/\/static-blogs.hoy.es\/wp-content\/uploads\/sites\/8\/2019\/07\/20190706_170022.jpg 520w, https:\/\/static-blogs.hoy.es\/wp-content\/uploads\/sites\/8\/2019\/07\/20190706_170022-300x169.jpg 300w\" sizes=\"(max-width: 520px) 100vw, 520px\" \/><\/a>Aquel d\u00eda que fui  a la playa de Set\u00fabal era un s\u00e1bado no muy caluroso de principio de julio. Descubr\u00ed  un bonito paisaje de monta\u00f1a y un mar sin olas con el \u00fanico inconveniente de que en la playa solo hab\u00eda un bar, y que como en muchos bares portugueses se ten\u00eda que hacer cola en la caja para pagar y volver a hacer cola en la barra. En esta ocasi\u00f3n la sorpresa no estaba en la carta, ni en el bacalao, ni el arroz de mariscos, ni en los vinos portugueses, ni siquiera en el precio. Esta vez la sorpresa estaba en la arena.<br \/>\n<a href=\"https:\/\/static-blogs.hoy.es\/wp-content\/uploads\/sites\/8\/2019\/07\/20190706_151904-2.jpg\"><img loading=\"lazy\" src=\"https:\/\/static-blogs.hoy.es\/wp-content\/uploads\/sites\/8\/2019\/07\/20190706_151904-2.jpg\" alt=\"20190706_151904-2\" width=\"728\" height=\"410\" class=\"alignnone size-full wp-image-1427\" srcset=\"https:\/\/static-blogs.hoy.es\/wp-content\/uploads\/sites\/8\/2019\/07\/20190706_151904-2.jpg 728w, https:\/\/static-blogs.hoy.es\/wp-content\/uploads\/sites\/8\/2019\/07\/20190706_151904-2-300x169.jpg 300w\" sizes=\"(max-width: 728px) 100vw, 728px\" \/><\/a>Cuando volv\u00ed a mi sombrilla, despu\u00e9s de unas Sagres,  encontr\u00e9 a mi lado a tres chicas j\u00f3venes. Lo cierto es que hab\u00eda reparado en ellas antes. Siempre he admirado la belleza femenina. Eran tres j\u00f3venes a las que ni siquiera los escuetos biquinis eran capaces de desmejorar sus esbeltas figuras. La sorpresa fue que una de ellas, la del medio, ten\u00eda algo entre las manos que sujetaba con destreza para que no se volara en un d\u00eda  ventoso y que no distingu\u00ed hasta que me fui acercando. Era un peri\u00f3dico, \u00bfser\u00e1 alg\u00fan peri\u00f3dico portugu\u00e9s?, pens\u00e9. Pero no. Era est\u00e9 peri\u00f3dico.<br \/>\nEn una playa portuguesa coincid\u00ed con una joven que estaba leyendo el HOY. Me dio tanta alegr\u00eda que venciendo mi timidez fui  a hablar con ella. Los dos en ba\u00f1ador eramos tan diferentes y a la vez tan iguales al compartir la complicidad de tener el mismo peri\u00f3dico entre las manos. Me dijo su nombre que ahora no recuerdo para ponerlo aqu\u00ed.<br \/>\nMe gusta ver como gente joven sigue leyendo el peri\u00f3dico en papel igual que lo hago yo, igual que lo hac\u00eda mi padre. Aunque el peri\u00f3dico que sirve para informar por la ma\u00f1ana sirva para envolver cosas innecesarias por la tarde como dec\u00edan ilustres columnistas: Ruano, Umbral, o Manuel Alcantara, no s\u00e9 de qui\u00e9n es la frase.<br \/>\n<a href=\"https:\/\/static-blogs.hoy.es\/wp-content\/uploads\/sites\/8\/2019\/07\/DSC01268-3.jpg\"><img loading=\"lazy\" src=\"https:\/\/static-blogs.hoy.es\/wp-content\/uploads\/sites\/8\/2019\/07\/DSC01268-3.jpg\" alt=\"dsc01268-3\" width=\"722\" height=\"542\" class=\"alignnone size-full wp-image-1428\" srcset=\"https:\/\/static-blogs.hoy.es\/wp-content\/uploads\/sites\/8\/2019\/07\/DSC01268-3.jpg 722w, https:\/\/static-blogs.hoy.es\/wp-content\/uploads\/sites\/8\/2019\/07\/DSC01268-3-300x225.jpg 300w\" sizes=\"(max-width: 722px) 100vw, 722px\" \/><\/a>Ella era periodista contratada en M\u00e9rida hasta Septiembre.  Me dijo que viv\u00eda en Alemania con un novio alem\u00e1n que tambi\u00e9n era periodista y que tambi\u00e9n le\u00eda en papel. Le dije que iba a escribir una columna sobre aquella situaci\u00f3n y le ped\u00ed permiso para hacerle una foto y sacarla en mi blog de \u201cMigas Canas\u201d. Como lo prometido es deuda aqu\u00ed est\u00e1 la columna que podr\u00e1 leer si no se ha vuelto a Alemania buscando otras oportunidades laborales antes las escasas que ofrece est\u00e1 tierra.<\/p>\n<!-- AddThis Advanced Settings generic via filter on the_content --><!-- AddThis Share Buttons generic via filter on the_content -->","protected":false},"excerpt":{"rendered":"<p>Aquel d\u00eda que fui a la playa de Set\u00fabal era un s\u00e1bado no muy caluroso de principio de julio. Descubr\u00ed un bonito paisaje de monta\u00f1a y un mar sin olas con el \u00fanico inconveniente de que en la playa solo hab\u00eda un bar, y que como en muchos bares portugueses se ten\u00eda que hacer cola [&hellip;]<!-- AddThis Advanced Settings generic via filter on get_the_excerpt --><!-- AddThis Share Buttons generic via filter on get_the_excerpt --><\/p>\n","protected":false},"author":11,"featured_media":1284,"comment_status":"open","ping_status":"closed","sticky":false,"template":"","format":"standard","meta":[],"categories":[2],"tags":[383,1416,1415,1414,1413,870,1412],"_links":{"self":[{"href":"https:\/\/blogs.hoy.es\/migas-canas\/wp-json\/wp\/v2\/posts\/1425"}],"collection":[{"href":"https:\/\/blogs.hoy.es\/migas-canas\/wp-json\/wp\/v2\/posts"}],"about":[{"href":"https:\/\/blogs.hoy.es\/migas-canas\/wp-json\/wp\/v2\/types\/post"}],"author":[{"embeddable":true,"href":"https:\/\/blogs.hoy.es\/migas-canas\/wp-json\/wp\/v2\/users\/11"}],"replies":[{"embeddable":true,"href":"https:\/\/blogs.hoy.es\/migas-canas\/wp-json\/wp\/v2\/comments?post=1425"}],"version-history":[{"count":1,"href":"https:\/\/blogs.hoy.es\/migas-canas\/wp-json\/wp\/v2\/posts\/1425\/revisions"}],"predecessor-version":[{"id":1429,"href":"https:\/\/blogs.hoy.es\/migas-canas\/wp-json\/wp\/v2\/posts\/1425\/revisions\/1429"}],"wp:featuredmedia":[{"embeddable":true,"href":"https:\/\/blogs.hoy.es\/migas-canas\/wp-json\/wp\/v2\/media\/1284"}],"wp:attachment":[{"href":"https:\/\/blogs.hoy.es\/migas-canas\/wp-json\/wp\/v2\/media?parent=1425"}],"wp:term":[{"taxonomy":"category","embeddable":true,"href":"https:\/\/blogs.hoy.es\/migas-canas\/wp-json\/wp\/v2\/categories?post=1425"},{"taxonomy":"post_tag","embeddable":true,"href":"https:\/\/blogs.hoy.es\/migas-canas\/wp-json\/wp\/v2\/tags?post=1425"}],"curies":[{"name":"wp","href":"https:\/\/api.w.org\/{rel}","templated":true}]}}