{"id":1431,"date":"2019-08-12T17:30:17","date_gmt":"2019-08-12T16:30:17","guid":{"rendered":"http:\/\/blogs.hoy.es\/migas-canas\/?p=1431"},"modified":"2019-08-12T17:30:17","modified_gmt":"2019-08-12T16:30:17","slug":"el-chiringuito-del-rio","status":"publish","type":"post","link":"https:\/\/blogs.hoy.es\/migas-canas\/2019\/08\/12\/el-chiringuito-del-rio\/","title":{"rendered":"EL CHIRINGUITO DEL R\u00cdO"},"content":{"rendered":"<p><a href=\"https:\/\/static-blogs.hoy.es\/wp-content\/uploads\/sites\/8\/2019\/03\/DSC08398-2.jpg\"><img loading=\"lazy\" src=\"https:\/\/static-blogs.hoy.es\/wp-content\/uploads\/sites\/8\/2019\/03\/DSC08398-2.jpg\" alt=\"dsc08398-2\" width=\"798\" height=\"531\" class=\"alignnone size-full wp-image-1406\" srcset=\"https:\/\/static-blogs.hoy.es\/wp-content\/uploads\/sites\/8\/2019\/03\/DSC08398-2.jpg 798w, https:\/\/static-blogs.hoy.es\/wp-content\/uploads\/sites\/8\/2019\/03\/DSC08398-2-300x200.jpg 300w, https:\/\/static-blogs.hoy.es\/wp-content\/uploads\/sites\/8\/2019\/03\/DSC08398-2-768x511.jpg 768w\" sizes=\"(max-width: 798px) 100vw, 798px\" \/><\/a>Yo tuve una vez un campo un perro y un amor, cosas que me parec\u00edan importantes y que pasaron a un segundo lugar cuando naci\u00f3 la ni\u00f1a. No exactamente cuando naci\u00f3. Al principio solo era  una desconocida que solo dorm\u00eda, com\u00eda y lloraba. Una criatura que ocup\u00f3 el cuarto que  ten\u00eda destinado a mis discos, pel\u00edculas y libros y que pasaron a un trastero del que he ido recuperando algunas cosas, igual que estamos recuperando los funcionarios parte de lo que nos quitaron. Ya s\u00e9 que esto no viene a cuento y esta tra\u00eddo con calzador pero ten\u00eda ganas de decirlo (licencias de agosto). Los funcionarios nos quejamos, no tanto como  los aut\u00f3nomos, con esto no quiero decir que ellos tampoco tengan raz\u00f3n. Me ha llamado la atenci\u00f3n  un empresario  que hace unos d\u00edas dijo haber perdido 900  euros el d\u00eda que se fue la luz en la calle Santa Eulalia de M\u00e9rida.  900 euros  es casi lo que que gana un funcionario al mes.<br \/>\nSigo por donde iba.<br \/>\n<a href=\"https:\/\/static-blogs.hoy.es\/wp-content\/uploads\/sites\/8\/2018\/03\/DSC05116-2.jpg\"><img loading=\"lazy\" src=\"https:\/\/static-blogs.hoy.es\/wp-content\/uploads\/sites\/8\/2018\/03\/DSC05116-2.jpg\" alt=\"dsc05116-2\" width=\"682\" height=\"454\" class=\"alignnone size-full wp-image-1290\" srcset=\"https:\/\/static-blogs.hoy.es\/wp-content\/uploads\/sites\/8\/2018\/03\/DSC05116-2.jpg 682w, https:\/\/static-blogs.hoy.es\/wp-content\/uploads\/sites\/8\/2018\/03\/DSC05116-2-300x200.jpg 300w\" sizes=\"(max-width: 682px) 100vw, 682px\" \/><\/a>mi ni\u00f1a se hace grande, uno de los sitios a los que m\u00e1s me gusta ir con ella es a la margen derecha del r\u00edo, all\u00ed aprendi\u00f3 a montar en bicicleta o utilizar  patines. Un hermoso  parque  dise\u00f1ado  a la orilla del r\u00edo y que ha sido reconocido a nivel nacional pero igual que las dietas de adelgazamiento  lo dif\u00edcil no es adelgazar sino mantenerse, el parque ha ido levantando la mano en su cuidado. A pesar de tener un recinto bastante amplio destinados para  perros muchos van sueltos por todo el recorrido. Los vigilantes que hab\u00eda antes ya no est\u00e1n, sabemos que no respetamos normas y necesitamos la presencia de alguien vestido de uniforme que inspire autoridad. Tambi\u00e9n se ha incorporado al paisaje ese nuevo veh\u00edculo que las autoridades no saben que hacer con \u00e9l, el patinete el\u00e9ctrico y que hace mala combinaci\u00f3n con los que van ensimismado en el m\u00f3vil o ante los movimientos impredecible de los ni\u00f1os.<br \/>\n<a href=\"https:\/\/static-blogs.hoy.es\/wp-content\/uploads\/sites\/8\/2019\/08\/DSC08387-3.jpg\"><img loading=\"lazy\" src=\"https:\/\/static-blogs.hoy.es\/wp-content\/uploads\/sites\/8\/2019\/08\/DSC08387-3.jpg\" alt=\"dsc08387-3\" width=\"682\" height=\"454\" class=\"alignnone size-full wp-image-1432\" srcset=\"https:\/\/static-blogs.hoy.es\/wp-content\/uploads\/sites\/8\/2019\/08\/DSC08387-3.jpg 682w, https:\/\/static-blogs.hoy.es\/wp-content\/uploads\/sites\/8\/2019\/08\/DSC08387-3-300x200.jpg 300w\" sizes=\"(max-width: 682px) 100vw, 682px\" \/><\/a>Una de las cosas que m\u00e1s vida le daba al parque era el chiringuito. Uno de los dos chiringuito lleva cerrado desde Junio.  Ahora en verano, cuando m\u00e1s falta hace, sigue cerrado. ojala a la publicaci\u00f3n de este art\u00edculo lo hayan abierto. No s\u00e9 el motivo de su cierre. No ser\u00e1 por falta de clientes, a pesar del servicio siempre estaba lleno. Es triste que el paseo m\u00e1s bonito y relajante para pacenses y visitantes tenga el bar cerrado. Pronto le pintaran burdos grafitis alejados de la est\u00e9tica Banksy. Ser\u00e1 el comienzo del deterioro.<\/p>\n<!-- AddThis Advanced Settings generic via filter on the_content --><!-- AddThis Share Buttons generic via filter on the_content -->","protected":false},"excerpt":{"rendered":"<p>Yo tuve una vez un campo un perro y un amor, cosas que me parec\u00edan importantes y que pasaron a un segundo lugar cuando naci\u00f3 la ni\u00f1a. No exactamente cuando naci\u00f3. Al principio solo era una desconocida que solo dorm\u00eda, com\u00eda y lloraba. Una criatura que ocup\u00f3 el cuarto que ten\u00eda destinado a mis discos, [&hellip;]<!-- AddThis Advanced Settings generic via filter on get_the_excerpt --><!-- AddThis Share Buttons generic via filter on get_the_excerpt --><\/p>\n","protected":false},"author":11,"featured_media":1284,"comment_status":"open","ping_status":"closed","sticky":false,"template":"","format":"standard","meta":[],"categories":[2],"tags":[1417,915],"_links":{"self":[{"href":"https:\/\/blogs.hoy.es\/migas-canas\/wp-json\/wp\/v2\/posts\/1431"}],"collection":[{"href":"https:\/\/blogs.hoy.es\/migas-canas\/wp-json\/wp\/v2\/posts"}],"about":[{"href":"https:\/\/blogs.hoy.es\/migas-canas\/wp-json\/wp\/v2\/types\/post"}],"author":[{"embeddable":true,"href":"https:\/\/blogs.hoy.es\/migas-canas\/wp-json\/wp\/v2\/users\/11"}],"replies":[{"embeddable":true,"href":"https:\/\/blogs.hoy.es\/migas-canas\/wp-json\/wp\/v2\/comments?post=1431"}],"version-history":[{"count":1,"href":"https:\/\/blogs.hoy.es\/migas-canas\/wp-json\/wp\/v2\/posts\/1431\/revisions"}],"predecessor-version":[{"id":1433,"href":"https:\/\/blogs.hoy.es\/migas-canas\/wp-json\/wp\/v2\/posts\/1431\/revisions\/1433"}],"wp:featuredmedia":[{"embeddable":true,"href":"https:\/\/blogs.hoy.es\/migas-canas\/wp-json\/wp\/v2\/media\/1284"}],"wp:attachment":[{"href":"https:\/\/blogs.hoy.es\/migas-canas\/wp-json\/wp\/v2\/media?parent=1431"}],"wp:term":[{"taxonomy":"category","embeddable":true,"href":"https:\/\/blogs.hoy.es\/migas-canas\/wp-json\/wp\/v2\/categories?post=1431"},{"taxonomy":"post_tag","embeddable":true,"href":"https:\/\/blogs.hoy.es\/migas-canas\/wp-json\/wp\/v2\/tags?post=1431"}],"curies":[{"name":"wp","href":"https:\/\/api.w.org\/{rel}","templated":true}]}}