{"id":1434,"date":"2019-09-04T23:51:08","date_gmt":"2019-09-04T22:51:08","guid":{"rendered":"http:\/\/blogs.hoy.es\/migas-canas\/?p=1434"},"modified":"2019-09-04T23:52:23","modified_gmt":"2019-09-04T22:52:23","slug":"1434","status":"publish","type":"post","link":"https:\/\/blogs.hoy.es\/migas-canas\/2019\/09\/04\/1434\/","title":{"rendered":"VACACIONES EN BADAJOZ"},"content":{"rendered":"<p><a href=\"https:\/\/static-blogs.hoy.es\/wp-content\/uploads\/sites\/8\/2018\/09\/DSC07220-2.jpg\"><img loading=\"lazy\" src=\"https:\/\/static-blogs.hoy.es\/wp-content\/uploads\/sites\/8\/2018\/09\/DSC07220-2.jpg\" alt=\"dsc07220-2\" width=\"682\" height=\"454\" class=\"alignnone size-full wp-image-1364\" srcset=\"https:\/\/static-blogs.hoy.es\/wp-content\/uploads\/sites\/8\/2018\/09\/DSC07220-2.jpg 682w, https:\/\/static-blogs.hoy.es\/wp-content\/uploads\/sites\/8\/2018\/09\/DSC07220-2-300x200.jpg 300w\" sizes=\"(max-width: 682px) 100vw, 682px\" \/><\/a><strong>Salgo de casa sin rumbo. Estoy de vacaciones<\/strong>. No tengo prisa. El sol aprieta, no tanto como  a\u00f1os anteriores, es de agradecer. Cada vez me sienta peor el calor, tambi\u00e9n el fr\u00edo, es lo que tiene que los d\u00edas hayan pasado tan r\u00e1pido desde aquel nueve de abril ya tan alejado en el tiempo. Cada vez aguanto menos cosas.<br \/>\nSalgo de casa sin rumbo en un d\u00eda anodino que no tiene suficiente entidad como para instalarse en la memoria. Por eso lo escribo, para recordarlo. Hoy es un d\u00eda de esos que me gustan, sin sobresaltos, sin noticias. Sabemos que  noticia es que un hombre muerda a un perro y no un perro a un hombre, excepto en Badajoz donde hay tanto perros sueltos sin bozal que los muerdos se han convertido en algo habitual, y de los excrementos mejor no hablar. Pregunten a los veterinarios de los centros sanitarios.<br \/>\n<a href=\"https:\/\/static-blogs.hoy.es\/wp-content\/uploads\/sites\/8\/2018\/04\/DSC04789-5.jpg\"><img loading=\"lazy\" src=\"https:\/\/static-blogs.hoy.es\/wp-content\/uploads\/sites\/8\/2018\/04\/DSC04789-5.jpg\" alt=\"dsc04789-5\" width=\"682\" height=\"454\" class=\"alignnone size-full wp-image-1309\" srcset=\"https:\/\/static-blogs.hoy.es\/wp-content\/uploads\/sites\/8\/2018\/04\/DSC04789-5.jpg 682w, https:\/\/static-blogs.hoy.es\/wp-content\/uploads\/sites\/8\/2018\/04\/DSC04789-5-300x200.jpg 300w\" sizes=\"(max-width: 682px) 100vw, 682px\" \/><\/a>Ha terminado agosto con uno de los chiringuito del r\u00edo cerrado y el otro con colas esperando una mesa libre. Es como si la Soledad cerrara en Semana Santa, o el Faro en Navidad, o los Hoteles en Carnaval.<br \/>\nPor la calle Menacho me cruzo con uno que tiene un cierto parecido con Pl\u00e1cido Domingo. Pienso en la contradicci\u00f3n entre vida y obra, entre la sensibilidad para el arte y la forma de entender la vida, y no escribo m\u00e1s porque ya he visto que lo han escrito otros en otras p\u00e1ginas.<br \/>\nEstando en estos pensamientos, veo por la Av\/ Huelva a una joven esbelta y tostada por el sol dentro de un ajustado vestido blanco, cuando se cruza conmigo miro para otro lado en contra de mi voluntad para evitar ofender con mi mirada machista su exuberante belleza. Es como si en el Prado, ante las Meninas o la Anunciaci\u00f3n,  tuviera que girar la cabeza en sentido contrario. Siempre he admirado la belleza femenina como algo hermoso, incluso sin codicia.<br \/>\n<a href=\"https:\/\/static-blogs.hoy.es\/wp-content\/uploads\/sites\/8\/2018\/01\/DSC04992.jpg\"><img loading=\"lazy\" src=\"https:\/\/static-blogs.hoy.es\/wp-content\/uploads\/sites\/8\/2018\/01\/DSC04992.jpg\" alt=\"dsc04992\" width=\"682\" height=\"454\" class=\"alignnone size-full wp-image-1252\" srcset=\"https:\/\/static-blogs.hoy.es\/wp-content\/uploads\/sites\/8\/2018\/01\/DSC04992.jpg 682w, https:\/\/static-blogs.hoy.es\/wp-content\/uploads\/sites\/8\/2018\/01\/DSC04992-300x200.jpg 300w\" sizes=\"(max-width: 682px) 100vw, 682px\" \/><\/a>Y sin otras cosas importantes que escribir dejo que el verano transcurra con su lento rodar en el  sosiego del desoficiado. Un desayuno con peri\u00f3dico en San Francisco, Una cerveza en el Romi, un helado en los Valencianos, una noche de cine en la terraza del L\u00f3pez, un paseo en bicicleta por la orilla del r\u00edo, la ni\u00f1a de la mano, una c\u00e1mara de foto al cuello, un libro de Garc\u00eda M\u00e1rquez en casa, un grupo de amigos en los veladores. <\/p>\n<!-- AddThis Advanced Settings generic via filter on the_content --><!-- AddThis Share Buttons generic via filter on the_content -->","protected":false},"excerpt":{"rendered":"<p>Salgo de casa sin rumbo. Estoy de vacaciones. No tengo prisa. El sol aprieta, no tanto como a\u00f1os anteriores, es de agradecer. Cada vez me sienta peor el calor, tambi\u00e9n el fr\u00edo, es lo que tiene que los d\u00edas hayan pasado tan r\u00e1pido desde aquel nueve de abril ya tan alejado en el tiempo. Cada [&hellip;]<!-- AddThis Advanced Settings generic via filter on get_the_excerpt --><!-- AddThis Share Buttons generic via filter on get_the_excerpt --><\/p>\n","protected":false},"author":11,"featured_media":1284,"comment_status":"open","ping_status":"closed","sticky":false,"template":"","format":"standard","meta":[],"categories":[2],"tags":[103,1418,839,1419,1047],"_links":{"self":[{"href":"https:\/\/blogs.hoy.es\/migas-canas\/wp-json\/wp\/v2\/posts\/1434"}],"collection":[{"href":"https:\/\/blogs.hoy.es\/migas-canas\/wp-json\/wp\/v2\/posts"}],"about":[{"href":"https:\/\/blogs.hoy.es\/migas-canas\/wp-json\/wp\/v2\/types\/post"}],"author":[{"embeddable":true,"href":"https:\/\/blogs.hoy.es\/migas-canas\/wp-json\/wp\/v2\/users\/11"}],"replies":[{"embeddable":true,"href":"https:\/\/blogs.hoy.es\/migas-canas\/wp-json\/wp\/v2\/comments?post=1434"}],"version-history":[{"count":2,"href":"https:\/\/blogs.hoy.es\/migas-canas\/wp-json\/wp\/v2\/posts\/1434\/revisions"}],"predecessor-version":[{"id":1436,"href":"https:\/\/blogs.hoy.es\/migas-canas\/wp-json\/wp\/v2\/posts\/1434\/revisions\/1436"}],"wp:featuredmedia":[{"embeddable":true,"href":"https:\/\/blogs.hoy.es\/migas-canas\/wp-json\/wp\/v2\/media\/1284"}],"wp:attachment":[{"href":"https:\/\/blogs.hoy.es\/migas-canas\/wp-json\/wp\/v2\/media?parent=1434"}],"wp:term":[{"taxonomy":"category","embeddable":true,"href":"https:\/\/blogs.hoy.es\/migas-canas\/wp-json\/wp\/v2\/categories?post=1434"},{"taxonomy":"post_tag","embeddable":true,"href":"https:\/\/blogs.hoy.es\/migas-canas\/wp-json\/wp\/v2\/tags?post=1434"}],"curies":[{"name":"wp","href":"https:\/\/api.w.org\/{rel}","templated":true}]}}