{"id":1449,"date":"2019-09-27T19:56:33","date_gmt":"2019-09-27T18:56:33","guid":{"rendered":"http:\/\/blogs.hoy.es\/migas-canas\/?p=1449"},"modified":"2019-09-28T08:05:31","modified_gmt":"2019-09-28T07:05:31","slug":"septiembre-o-el-olor-a-tierra-mojada","status":"publish","type":"post","link":"https:\/\/blogs.hoy.es\/migas-canas\/2019\/09\/27\/septiembre-o-el-olor-a-tierra-mojada\/","title":{"rendered":"SEPTIEMBRE O EL OLOR A TIERRA MOJADA"},"content":{"rendered":"<p><a href=\"https:\/\/static-blogs.hoy.es\/wp-content\/uploads\/sites\/8\/2018\/08\/DSC07098.jpg\"><img loading=\"lazy\" src=\"https:\/\/static-blogs.hoy.es\/wp-content\/uploads\/sites\/8\/2018\/08\/DSC07098.jpg\" alt=\"\" width=\"697\" height=\"465\" class=\"alignnone size-full wp-image-1356\" srcset=\"https:\/\/static-blogs.hoy.es\/wp-content\/uploads\/sites\/8\/2018\/08\/DSC07098.jpg 697w, https:\/\/static-blogs.hoy.es\/wp-content\/uploads\/sites\/8\/2018\/08\/DSC07098-300x200.jpg 300w\" sizes=\"(max-width: 697px) 100vw, 697px\" \/><\/a>Y de repente pasamos de una ma\u00f1ana calurosa de Septiembre a una tarde que invita<br \/>\na ponerse ropa de estar en casa, coger un libro, abrazar a tu compa\u00f1era. En su ausencia tambi\u00e9n pueden valer los almohadones o  cojines del sof\u00e1, mientras vemos con inter\u00e9s una pel\u00edcula \u00f1o\u00f1a sin inter\u00e9s cinematogr\u00e1fico.<br \/>\n<a href=\"https:\/\/static-blogs.hoy.es\/wp-content\/uploads\/sites\/8\/2017\/12\/DSC04023-2.jpg\"><img loading=\"lazy\" src=\"https:\/\/static-blogs.hoy.es\/wp-content\/uploads\/sites\/8\/2017\/12\/DSC04023-2.jpg\" alt=\"\" width=\"682\" height=\"454\" class=\"alignnone size-full wp-image-1241\" srcset=\"https:\/\/static-blogs.hoy.es\/wp-content\/uploads\/sites\/8\/2017\/12\/DSC04023-2.jpg 682w, https:\/\/static-blogs.hoy.es\/wp-content\/uploads\/sites\/8\/2017\/12\/DSC04023-2-300x200.jpg 300w\" sizes=\"(max-width: 682px) 100vw, 682px\" \/><\/a>Empieza el curso escolar, los cursos de la Universidad Popular, de los mayores&#8230; En las academias  los opositores a bomberos y polic\u00edas, cargados con la energ\u00eda del verano y despejado del lastre del sol, corren y saltan en la Granadilla y los gimnasios. Las ma\u00f1anas las aprovechan para estudiar y realizar tests. Un esfuerzo extraordinario para intentar sacar una plaza de esa que llaman para toda la vida.<br \/>\nVoy a la presentaci\u00f3n del a\u00f1o escolar, da igual el colegio, puede pasar en cualquiera, cuando el Director est\u00e1 dando la bienvenida a padres y alumnos del nuevo curso, sentado delante de mi, me distraigo con un padre que lleva puesta la camiseta de la selecci\u00f3n espa\u00f1ola luciendo el n\u00famero 15 y el nombre de Sergio Ramos en letras doradas, se le ve con la cabeza agachada contestando mensajes en el m\u00f3vil. Aunque lo que m\u00e1s me llama la atenci\u00f3n es c\u00f3mo su hijo, un rubio regordete de mofletes sonrosados de unos ocho a\u00f1os, juega con otro m\u00f3vil  manej\u00e1ndose por el teclado como un experto navegador ajeno a las palabras del Director. El ni\u00f1o que est\u00e1 junto a \u00e9l gira la cabeza y  pregunta a su madre \u00bfpor qu\u00e9 ese ni\u00f1o tiene m\u00f3vil y yo no? La madre se queda mir\u00e1ndole sin respuesta mientras ve de reojo los \u00e1giles dedos del de la camiseta roja.<br \/>\nSeptiembre se mete en nuestras casas y en nuestros corazones con el perfume a p\u00e1ginas nuevas de los libros de textos y este a\u00f1o con la ausencia del olor a tierra mojada que tanto echamos de menos los que venimos del campo y que para nosotros es como la magdalena de Proust. Olores que  nos devuelven a una rutina que  perdimos una o varias semanas en los sue\u00f1os de agosto al resguardo de una sombrilla o en el interior de una jarra fr\u00eda y gigante de cerveza en un chiringuito de playa.<br \/>\nVolvemos a la rutina donde lo que m\u00e1s se oye en la calle y en el trabajo es \u201cyo no pienso ir a votar.\u201d Eso es lo que han conseguido los pol\u00edticos actuales, con el trabajo y dolor que ha costado a los espa\u00f1oles poder votar.<\/p>\n<!-- AddThis Advanced Settings generic via filter on the_content --><!-- AddThis Share Buttons generic via filter on the_content -->","protected":false},"excerpt":{"rendered":"<p>Y de repente pasamos de una ma\u00f1ana calurosa de Septiembre a una tarde que invita a ponerse ropa de estar en casa, coger un libro, abrazar a tu compa\u00f1era. En su ausencia tambi\u00e9n pueden valer los almohadones o cojines del sof\u00e1, mientras vemos con inter\u00e9s una pel\u00edcula \u00f1o\u00f1a sin inter\u00e9s cinematogr\u00e1fico. Empieza el curso escolar, [&hellip;]<!-- AddThis Advanced Settings generic via filter on get_the_excerpt --><!-- AddThis Share Buttons generic via filter on get_the_excerpt --><\/p>\n","protected":false},"author":11,"featured_media":1284,"comment_status":"open","ping_status":"closed","sticky":false,"template":"","format":"standard","meta":[],"categories":[2],"tags":[714,782,959],"_links":{"self":[{"href":"https:\/\/blogs.hoy.es\/migas-canas\/wp-json\/wp\/v2\/posts\/1449"}],"collection":[{"href":"https:\/\/blogs.hoy.es\/migas-canas\/wp-json\/wp\/v2\/posts"}],"about":[{"href":"https:\/\/blogs.hoy.es\/migas-canas\/wp-json\/wp\/v2\/types\/post"}],"author":[{"embeddable":true,"href":"https:\/\/blogs.hoy.es\/migas-canas\/wp-json\/wp\/v2\/users\/11"}],"replies":[{"embeddable":true,"href":"https:\/\/blogs.hoy.es\/migas-canas\/wp-json\/wp\/v2\/comments?post=1449"}],"version-history":[{"count":3,"href":"https:\/\/blogs.hoy.es\/migas-canas\/wp-json\/wp\/v2\/posts\/1449\/revisions"}],"predecessor-version":[{"id":1452,"href":"https:\/\/blogs.hoy.es\/migas-canas\/wp-json\/wp\/v2\/posts\/1449\/revisions\/1452"}],"wp:featuredmedia":[{"embeddable":true,"href":"https:\/\/blogs.hoy.es\/migas-canas\/wp-json\/wp\/v2\/media\/1284"}],"wp:attachment":[{"href":"https:\/\/blogs.hoy.es\/migas-canas\/wp-json\/wp\/v2\/media?parent=1449"}],"wp:term":[{"taxonomy":"category","embeddable":true,"href":"https:\/\/blogs.hoy.es\/migas-canas\/wp-json\/wp\/v2\/categories?post=1449"},{"taxonomy":"post_tag","embeddable":true,"href":"https:\/\/blogs.hoy.es\/migas-canas\/wp-json\/wp\/v2\/tags?post=1449"}],"curies":[{"name":"wp","href":"https:\/\/api.w.org\/{rel}","templated":true}]}}