{"id":1455,"date":"2019-10-16T21:26:12","date_gmt":"2019-10-16T20:26:12","guid":{"rendered":"http:\/\/blogs.hoy.es\/migas-canas\/?p=1455"},"modified":"2019-10-16T21:33:42","modified_gmt":"2019-10-16T20:33:42","slug":"votar-o-no-votar","status":"publish","type":"post","link":"https:\/\/blogs.hoy.es\/migas-canas\/2019\/10\/16\/votar-o-no-votar\/","title":{"rendered":"VOTAR O NO VOTAR"},"content":{"rendered":"<p><a href=\"https:\/\/static-blogs.hoy.es\/wp-content\/uploads\/sites\/8\/2019\/10\/DSCN1026-4.jpg\"><img loading=\"lazy\" src=\"https:\/\/static-blogs.hoy.es\/wp-content\/uploads\/sites\/8\/2019\/10\/DSCN1026-4.jpg\" alt=\"\" width=\"452\" height=\"432\" class=\"alignnone size-full wp-image-1458\" srcset=\"https:\/\/static-blogs.hoy.es\/wp-content\/uploads\/sites\/8\/2019\/10\/DSCN1026-4.jpg 452w, https:\/\/static-blogs.hoy.es\/wp-content\/uploads\/sites\/8\/2019\/10\/DSCN1026-4-300x287.jpg 300w\" sizes=\"(max-width: 452px) 100vw, 452px\" \/><\/a>Por aquellos a\u00f1os  San Francisco era San Paco. Lo frecuentaban la ciudadan\u00eda m\u00e1s inquieta y alternativa de la ciudad. J\u00f3venes con barba y pelo largo que llevaban debajo del brazo discos de Paco Iba\u00f1ez, Jarcha,V\u00edctor Jara, o  el Pa\u00eds&#8230; La Kaita era casi una ni\u00f1a y ya ten\u00eda la voz quebrada por la vida. Cantaba tangos y jaleos sentada en el bordillo del kiosco de la m\u00fasica donde  peces de colores nadaban ajenos a lo que se ve\u00eda venir. El Nena tocaba la guitarra, el Nervio bailaba. Un poco m\u00e1s all\u00e1 Leoni y Penco jugaban a ser actores y luego lo fueron y crearon Suripanta. En San Francisco ol\u00eda a bocadillos de calamares y hach\u00eds. A pantalones vaqueros y a comunistas. \u00a1Agua! Gritaban cuando alg\u00fan secreta husmeaba por all\u00ed. Todos se alteraban porque no se sab\u00eda si iban a por los camellos o a por los rojos.<br \/>\nLa Fura dels Baus actu\u00f3 en la c\u00e1rcel antes de ser el MEIAC. El Corte Ingl\u00e9s era el \u201clej\u00edo de los chinatos\u201d, un terreno de piedras lleno de  bares donde se ligaba con intenci\u00f3n de buscar una pareja para el matrimonio. Era el Tinder de aquellos a\u00f1os. Las relaciones prematrimoniales  se consumaban en el asiento de atr\u00e1s de los R5, 127 y hasta 600. Cosas de \u201cpuretas\u201d dec\u00edan los  que iban a la calle Zurbar\u00e1n, el lugar donde estaba el ambiente cultural y progre de la ciudad. Franco viv\u00eda y los espa\u00f1oles malviv\u00edan.<br \/>\nNos separaba de Portugal una frontera con guardia civiles y guardi\u00f1as, tambi\u00e9n la moneda. Un hombre  cambiaba en la puerta de Galer\u00edas Preciados pesetas por escudos. En la parada del Leda una gitana vestida de negro vend\u00eda caf\u00e9  de contrabando. Un hombre cobraba un duro en la puerta del dni por rellenar los papeles a los que no sab\u00edan escribir. En San Juan hab\u00eda una sala de juegos con futbolines y billar, donde iban los estudiantes del Zurbar\u00e1n, todos ni\u00f1os. Algunos sub\u00edan  hasta la tienda de la Paloma a leer el chiste que cambiaban cada d\u00eda.<br \/>\nLa gente empezaba a protestar, a manifestarse. Un d\u00eda le dieron un pelotazo a un joven barbudo que hab\u00eda a mi lado en una manifestaci\u00f3n, cay\u00f3 al suelo. Aquel d\u00eda  me di cuenta de que aquello iba en serio. Que todo aquel jaleo no  era para saltarnos las clases si no para poder votar. Hoy, despu\u00e9s de  aquello, me encuentro con muchos que dicen que no van a votar, est\u00e1n decepcionados con los pol\u00edticos y con el sistema que han modelado para los privilegios de los que gobiernan.  \u00bfA qui\u00e9n vamos a votar?, dicen los que  pelearon por poder hacerlo.<br \/>\nQue r\u00e1pido pasa el tiempo, que fr\u00e1gil es la memoria.<\/p>\n<!-- AddThis Advanced Settings generic via filter on the_content --><!-- AddThis Share Buttons generic via filter on the_content -->","protected":false},"excerpt":{"rendered":"<p>Por aquellos a\u00f1os San Francisco era San Paco. Lo frecuentaban la ciudadan\u00eda m\u00e1s inquieta y alternativa de la ciudad. J\u00f3venes con barba y pelo largo que llevaban debajo del brazo discos de Paco Iba\u00f1ez, Jarcha,V\u00edctor Jara, o el Pa\u00eds&#8230; La Kaita era casi una ni\u00f1a y ya ten\u00eda la voz quebrada por la vida. Cantaba [&hellip;]<!-- AddThis Advanced Settings generic via filter on get_the_excerpt --><!-- AddThis Share Buttons generic via filter on get_the_excerpt --><\/p>\n","protected":false},"author":11,"featured_media":0,"comment_status":"open","ping_status":"closed","sticky":false,"template":"","format":"standard","meta":[],"categories":[2],"tags":[1423,1422,1425,553,1426,1421,638,1420,1424,941,944,995,1072],"_links":{"self":[{"href":"https:\/\/blogs.hoy.es\/migas-canas\/wp-json\/wp\/v2\/posts\/1455"}],"collection":[{"href":"https:\/\/blogs.hoy.es\/migas-canas\/wp-json\/wp\/v2\/posts"}],"about":[{"href":"https:\/\/blogs.hoy.es\/migas-canas\/wp-json\/wp\/v2\/types\/post"}],"author":[{"embeddable":true,"href":"https:\/\/blogs.hoy.es\/migas-canas\/wp-json\/wp\/v2\/users\/11"}],"replies":[{"embeddable":true,"href":"https:\/\/blogs.hoy.es\/migas-canas\/wp-json\/wp\/v2\/comments?post=1455"}],"version-history":[{"count":3,"href":"https:\/\/blogs.hoy.es\/migas-canas\/wp-json\/wp\/v2\/posts\/1455\/revisions"}],"predecessor-version":[{"id":1460,"href":"https:\/\/blogs.hoy.es\/migas-canas\/wp-json\/wp\/v2\/posts\/1455\/revisions\/1460"}],"wp:attachment":[{"href":"https:\/\/blogs.hoy.es\/migas-canas\/wp-json\/wp\/v2\/media?parent=1455"}],"wp:term":[{"taxonomy":"category","embeddable":true,"href":"https:\/\/blogs.hoy.es\/migas-canas\/wp-json\/wp\/v2\/categories?post=1455"},{"taxonomy":"post_tag","embeddable":true,"href":"https:\/\/blogs.hoy.es\/migas-canas\/wp-json\/wp\/v2\/tags?post=1455"}],"curies":[{"name":"wp","href":"https:\/\/api.w.org\/{rel}","templated":true}]}}