{"id":150,"date":"2012-09-28T09:24:51","date_gmt":"2012-09-28T08:24:51","guid":{"rendered":"http:\/\/blogs.hoy.es\/migas-canas\/?p=150"},"modified":"2012-09-28T09:24:51","modified_gmt":"2012-09-28T08:24:51","slug":"volver-al-pueblo","status":"publish","type":"post","link":"https:\/\/blogs.hoy.es\/migas-canas\/2012\/09\/28\/volver-al-pueblo\/","title":{"rendered":"VOLVER AL PUEBLO"},"content":{"rendered":"<p><strong><a href=\"\/migas-canas\/wp-content\/uploads\/sites\/8\/2012\/09\/vista1.jpg\"><img loading=\"lazy\" class=\"aligncenter size-medium wp-image-156\" title=\"PUEBLO\" src=\"\/migas-canas\/wp-content\/uploads\/sites\/8\/2012\/09\/vista1.jpg\" alt=\"PUEBLO\" width=\"192\" height=\"300\" \/><\/a>A muchos, que somos de ciudad, nos gustar\u00eda ser de pueblo<\/strong> para poder reencontrarnos con nuestro pasado, con nuestra familia en <strong>navidad<\/strong>, con nuestros <strong>Santos en Semana Santa<\/strong> y con nuestros amigos en<strong> la feria de verano.<\/strong> Los que tienen pueblo les gusta volver al lugar donde nacieron para recordar, cada cierto tiempo, cuales fueron sus or\u00edgenes,como llegaron a ser lo que son, de donde vienen, las dificultades y alegr\u00edas pasadas. Muchos que son de<strong> pueblo<\/strong>, no acaban de acostumbrarse a <strong>las prisas, a los ruido de coches, al humo de la ciudad<\/strong> y est\u00e1n deseando que lleguen las vacaciones para poder respirar y volver a reencontrase con la ni\u00f1ez, con amigos, con <strong>alg\u00fan amor que se perdi\u00f3 por el af\u00e1n de superaci\u00f3n,<\/strong> por el sue\u00f1o de conquistar la capital, por no pasar las calamidades de los padres, todo el d\u00eda en el campo, a la intemperie, con calor en verano y fr\u00edo en invierno. Los que son de pueblo pasaron de los pantalones cortos, de <strong><\/strong><strong> pisar <strong>charcos<\/strong>,<\/strong> cazar p\u00e1jaros con tirador y andar entre los surcos, al asfalto, <strong>al piso con ascensor,a sem\u00e1foros en rojo<\/strong>. A los que son de pueblo les gusta volver al<strong> campo<\/strong>, a la<strong> tierra<\/strong>, a coger un tomate de la mata con sabor a tomate, o\u00edr el sonido de los<strong> p\u00e1jaros<\/strong>, ver los nidos, sentir como <strong>crece la hierba<\/strong>, volver a la fuente de donde beb\u00edan agua fresca que saciaba la sed como nunca despu\u00e9s fue saciada. A los que son de pueblo les gusta reencontrase con los suyos, saltar hac\u00eda atr\u00e1s en el tiempo, volver a recobrar el lenguaje de entonces: el \u201c<strong>chacho\u201d y el \u201cme he jundio<\/strong>\u201d hablar como hablaban utilizando el lenguaje del lugar, retomando los a\u00f1os donde no eran el Dr. Gutierrez en el hospital Mara\u00f1on, el famoso licenciado Mart\u00edn de Barcelona o el empresario de la f\u00e1brica de m\u00e1rmoles en Sevilla y volver a ser el hijo de<strong> vinagre, el escarranchao o el Ternera<\/strong> y beber <strong>vino<\/strong> en vaso chico y barras altas. Un retroceso en el tiempo para no olvidar nunca quienes son y quienes fueron.<\/p>\n<!-- AddThis Advanced Settings generic via filter on the_content --><!-- AddThis Share Buttons generic via filter on the_content -->","protected":false},"excerpt":{"rendered":"<p>A muchos, que somos de ciudad, nos gustar\u00eda ser de pueblo para poder reencontrarnos con nuestro pasado, con nuestra familia en navidad, con nuestros Santos en Semana Santa y con nuestros amigos en la feria de verano. Los que tienen pueblo les gusta volver al lugar donde nacieron para recordar, cada cierto tiempo, cuales fueron [&hellip;]<!-- AddThis Advanced Settings generic via filter on get_the_excerpt --><!-- AddThis Share Buttons generic via filter on get_the_excerpt --><\/p>\n","protected":false},"author":10,"featured_media":0,"comment_status":"open","ping_status":"closed","sticky":false,"template":"","format":"standard","meta":[],"categories":[3],"tags":[21,202,255,518,586,788,873,886,955,1067,1079],"_links":{"self":[{"href":"https:\/\/blogs.hoy.es\/migas-canas\/wp-json\/wp\/v2\/posts\/150"}],"collection":[{"href":"https:\/\/blogs.hoy.es\/migas-canas\/wp-json\/wp\/v2\/posts"}],"about":[{"href":"https:\/\/blogs.hoy.es\/migas-canas\/wp-json\/wp\/v2\/types\/post"}],"author":[{"embeddable":true,"href":"https:\/\/blogs.hoy.es\/migas-canas\/wp-json\/wp\/v2\/users\/10"}],"replies":[{"embeddable":true,"href":"https:\/\/blogs.hoy.es\/migas-canas\/wp-json\/wp\/v2\/comments?post=150"}],"version-history":[{"count":0,"href":"https:\/\/blogs.hoy.es\/migas-canas\/wp-json\/wp\/v2\/posts\/150\/revisions"}],"wp:attachment":[{"href":"https:\/\/blogs.hoy.es\/migas-canas\/wp-json\/wp\/v2\/media?parent=150"}],"wp:term":[{"taxonomy":"category","embeddable":true,"href":"https:\/\/blogs.hoy.es\/migas-canas\/wp-json\/wp\/v2\/categories?post=150"},{"taxonomy":"post_tag","embeddable":true,"href":"https:\/\/blogs.hoy.es\/migas-canas\/wp-json\/wp\/v2\/tags?post=150"}],"curies":[{"name":"wp","href":"https:\/\/api.w.org\/{rel}","templated":true}]}}