{"id":1547,"date":"2020-05-01T21:07:59","date_gmt":"2020-05-01T20:07:59","guid":{"rendered":"http:\/\/blogs.hoy.es\/migas-canas\/?p=1547"},"modified":"2020-05-01T21:07:59","modified_gmt":"2020-05-01T20:07:59","slug":"luz-en-la-sombra","status":"publish","type":"post","link":"https:\/\/blogs.hoy.es\/migas-canas\/2020\/05\/01\/luz-en-la-sombra\/","title":{"rendered":"LUZ EN LA SOMBRA"},"content":{"rendered":"<p><a href=\"https:\/\/static-blogs.hoy.es\/wp-content\/uploads\/sites\/8\/2020\/05\/DSC09356-3.jpg\"><img loading=\"lazy\" class=\"alignnone size-medium wp-image-1548\" src=\"https:\/\/static-blogs.hoy.es\/wp-content\/uploads\/sites\/8\/2020\/05\/DSC09356-3-300x200.jpg\" alt=\"\" width=\"300\" height=\"200\" srcset=\"https:\/\/static-blogs.hoy.es\/wp-content\/uploads\/sites\/8\/2020\/05\/DSC09356-3-300x200.jpg 300w, https:\/\/static-blogs.hoy.es\/wp-content\/uploads\/sites\/8\/2020\/05\/DSC09356-3-768x511.jpg 768w, https:\/\/static-blogs.hoy.es\/wp-content\/uploads\/sites\/8\/2020\/05\/DSC09356-3-1024x682.jpg 1024w, https:\/\/static-blogs.hoy.es\/wp-content\/uploads\/sites\/8\/2020\/05\/DSC09356-3.jpg 1364w\" sizes=\"(max-width: 300px) 100vw, 300px\" \/><\/a><\/p>\n<p>Levant\u00e9 la vista.\u00a0 Me \u00a0dec\u00edan en casa \u00a0que caminaba mirando el suelo y por eso me estaba saliendo chepa. Me acerqu\u00e9. Estaba en el lugar de siempre, quieta, \u00a0indiferente ante mi presencia. El edificio que antes me parec\u00eda bello y acogedor ahora ten\u00eda la sequedad de la roca, la dureza de la piedra. Entre sus nueve plantas, se distingu\u00eda a lo lejos, en el sexto piso, una luz en el balc\u00f3n donde estaban la silla y la mesa de mimbre. Una luz encendida. Una luz de esperanza \u00a0que me hac\u00eda imaginar que no estaba solo en la oscuridad de la calle vac\u00eda.\u00a0 Pulse el bot\u00f3n del portero, nadie contesto. Siempre pulsaba el bot\u00f3n cuando llegaba a casa pero esta vez tampoco \u00a0escuch\u00e9 esa voz familiar de antes \u00bferes t\u00fa? Ahora ya no hay nadie, \u00a0nunca hay\u00a0 nadie, ni siquiera cuando yo\u00a0 estoy. \u00a0Todos abandonamos\u00a0 el hogar. Primero fue ella, luego yo, aunque siga viviendo all\u00ed. Aquella noche que ella se fue yo tambi\u00e9n me fui. Aunque siga aqu\u00ed, en mitad de la noche mirando la luz de un balc\u00f3n que solo tiene sombras.<\/p>\n<!-- AddThis Advanced Settings generic via filter on the_content --><!-- AddThis Share Buttons generic via filter on the_content -->","protected":false},"excerpt":{"rendered":"<p>Levant\u00e9 la vista.\u00a0 Me \u00a0dec\u00edan en casa \u00a0que caminaba mirando el suelo y por eso me estaba saliendo chepa. Me acerqu\u00e9. Estaba en el lugar de siempre, quieta, \u00a0indiferente ante mi presencia. El edificio que antes me parec\u00eda bello y acogedor ahora ten\u00eda la sequedad de la roca, la dureza de la piedra. Entre sus [&hellip;]<!-- AddThis Advanced Settings generic via filter on get_the_excerpt --><!-- AddThis Share Buttons generic via filter on get_the_excerpt --><\/p>\n","protected":false},"author":10,"featured_media":1284,"comment_status":"open","ping_status":"closed","sticky":false,"template":"","format":"standard","meta":[],"categories":[3],"tags":[1455],"_links":{"self":[{"href":"https:\/\/blogs.hoy.es\/migas-canas\/wp-json\/wp\/v2\/posts\/1547"}],"collection":[{"href":"https:\/\/blogs.hoy.es\/migas-canas\/wp-json\/wp\/v2\/posts"}],"about":[{"href":"https:\/\/blogs.hoy.es\/migas-canas\/wp-json\/wp\/v2\/types\/post"}],"author":[{"embeddable":true,"href":"https:\/\/blogs.hoy.es\/migas-canas\/wp-json\/wp\/v2\/users\/10"}],"replies":[{"embeddable":true,"href":"https:\/\/blogs.hoy.es\/migas-canas\/wp-json\/wp\/v2\/comments?post=1547"}],"version-history":[{"count":1,"href":"https:\/\/blogs.hoy.es\/migas-canas\/wp-json\/wp\/v2\/posts\/1547\/revisions"}],"predecessor-version":[{"id":1549,"href":"https:\/\/blogs.hoy.es\/migas-canas\/wp-json\/wp\/v2\/posts\/1547\/revisions\/1549"}],"wp:featuredmedia":[{"embeddable":true,"href":"https:\/\/blogs.hoy.es\/migas-canas\/wp-json\/wp\/v2\/media\/1284"}],"wp:attachment":[{"href":"https:\/\/blogs.hoy.es\/migas-canas\/wp-json\/wp\/v2\/media?parent=1547"}],"wp:term":[{"taxonomy":"category","embeddable":true,"href":"https:\/\/blogs.hoy.es\/migas-canas\/wp-json\/wp\/v2\/categories?post=1547"},{"taxonomy":"post_tag","embeddable":true,"href":"https:\/\/blogs.hoy.es\/migas-canas\/wp-json\/wp\/v2\/tags?post=1547"}],"curies":[{"name":"wp","href":"https:\/\/api.w.org\/{rel}","templated":true}]}}