{"id":1551,"date":"2020-05-07T17:23:54","date_gmt":"2020-05-07T16:23:54","guid":{"rendered":"http:\/\/blogs.hoy.es\/migas-canas\/?p=1551"},"modified":"2020-05-07T22:48:06","modified_gmt":"2020-05-07T21:48:06","slug":"correr-por-los-pasillos","status":"publish","type":"post","link":"https:\/\/blogs.hoy.es\/migas-canas\/2020\/05\/07\/correr-por-los-pasillos\/","title":{"rendered":"CORRER POR LOS PASILLOS"},"content":{"rendered":"<p><a href=\"https:\/\/static-blogs.hoy.es\/wp-content\/uploads\/sites\/8\/2020\/05\/DSC04101.jpg\"><img loading=\"lazy\" class=\"alignnone size-medium wp-image-1554\" src=\"https:\/\/static-blogs.hoy.es\/wp-content\/uploads\/sites\/8\/2020\/05\/DSC04101-300x200.jpg\" alt=\"\" width=\"300\" height=\"200\" srcset=\"https:\/\/static-blogs.hoy.es\/wp-content\/uploads\/sites\/8\/2020\/05\/DSC04101-300x200.jpg 300w, https:\/\/static-blogs.hoy.es\/wp-content\/uploads\/sites\/8\/2020\/05\/DSC04101-768x511.jpg 768w, https:\/\/static-blogs.hoy.es\/wp-content\/uploads\/sites\/8\/2020\/05\/DSC04101-1024x682.jpg 1024w, https:\/\/static-blogs.hoy.es\/wp-content\/uploads\/sites\/8\/2020\/05\/DSC04101.jpg 1364w\" sizes=\"(max-width: 300px) 100vw, 300px\" \/><\/a><\/p>\n<p>Sal\u00ed \u00a0a correr despu\u00e9s de dos meses encerrado. El reloj marcaba las 6,30 de la ma\u00f1ana del primer s\u00e1bado de mayo. Una hora \u00a0m\u00e1s propia de j\u00f3venes borrachos y solos recogi\u00e9ndose que de salidas en pantal\u00f3n corto. \u00a0La \u00faltima vez que corr\u00ed fueron diez kil\u00f3metros en Valdelacalzada. \u00a0Despu\u00e9s de la prueba nos sentamos \u00a0en un velador de la plaza. Por la megafon\u00eda dijeron mi nombre. Me dieron una medalla. Qued\u00e9 el tercero de mi categor\u00eda. Despu\u00e9s de toda una vida participando en carreras populares era la primera vez que me daban un premio. Hoy s\u00e9 que lo m\u00e1s importante de \u00a0aquel d\u00eda no fue la medalla. Fue aquel \u00a0velador en la plaza con una cerveza de barril encima de la mesa \u00a0rodeado de amigos familiares y charla, ya que \u00a0a la semana \u00a0de aquello nuestra vida cambio. Anunciaron el primer positivo, dos d\u00edas despu\u00e9s los ni\u00f1os dejaron de ir a la escuela y nos encerramos en casa. El bicho que hac\u00eda poco estaba en China hab\u00eda llegado a Badajoz.<\/p>\n<p><a href=\"https:\/\/static-blogs.hoy.es\/wp-content\/uploads\/sites\/8\/2020\/05\/DSC04113-2.jpg\"><img loading=\"lazy\" class=\"alignnone size-medium wp-image-1555\" src=\"https:\/\/static-blogs.hoy.es\/wp-content\/uploads\/sites\/8\/2020\/05\/DSC04113-2-300x200.jpg\" alt=\"\" width=\"300\" height=\"200\" srcset=\"https:\/\/static-blogs.hoy.es\/wp-content\/uploads\/sites\/8\/2020\/05\/DSC04113-2-300x200.jpg 300w, https:\/\/static-blogs.hoy.es\/wp-content\/uploads\/sites\/8\/2020\/05\/DSC04113-2-768x511.jpg 768w, https:\/\/static-blogs.hoy.es\/wp-content\/uploads\/sites\/8\/2020\/05\/DSC04113-2-1024x682.jpg 1024w, https:\/\/static-blogs.hoy.es\/wp-content\/uploads\/sites\/8\/2020\/05\/DSC04113-2.jpg 1364w\" sizes=\"(max-width: 300px) 100vw, 300px\" \/><\/a><\/p>\n<p>Durante este tiempo he intentado mantener la forma corriendo por el pasillo. El vecino de abajo vive solo con \u00a0un perro, as\u00ed que cada vez que lo ve\u00eda desde el balc\u00f3n en la calle \u00a0intentaba trotar en casa. Iba desde la terraza hasta la \u00faltima habitaci\u00f3n. Nunca me hab\u00eda fijado\u00a0 en las curvas del pasillo. Tuve que dejarlo antes \u00a0de estropearme la rodilla con tanto giro.<\/p>\n<p><a href=\"https:\/\/static-blogs.hoy.es\/wp-content\/uploads\/sites\/8\/2020\/05\/DSC03983-2.jpg\"><img loading=\"lazy\" class=\"alignnone size-medium wp-image-1556\" src=\"https:\/\/static-blogs.hoy.es\/wp-content\/uploads\/sites\/8\/2020\/05\/DSC03983-2-300x200.jpg\" alt=\"\" width=\"300\" height=\"200\" srcset=\"https:\/\/static-blogs.hoy.es\/wp-content\/uploads\/sites\/8\/2020\/05\/DSC03983-2-300x200.jpg 300w, https:\/\/static-blogs.hoy.es\/wp-content\/uploads\/sites\/8\/2020\/05\/DSC03983-2-768x511.jpg 768w, https:\/\/static-blogs.hoy.es\/wp-content\/uploads\/sites\/8\/2020\/05\/DSC03983-2-1024x682.jpg 1024w, https:\/\/static-blogs.hoy.es\/wp-content\/uploads\/sites\/8\/2020\/05\/DSC03983-2.jpg 1364w\" sizes=\"(max-width: 300px) 100vw, 300px\" \/><\/a><\/p>\n<p>En mi \u00faltimo art\u00edculo dije que no quer\u00eda escribir m\u00e1s del coronavirus y aunque lo intent\u00e9 no se me van de la cabeza los muertos, los abuelos, tambi\u00e9n los j\u00f3venes que se ha llevado por delante un virus de laboratorio o de animal. Tampoco \u00a0puedo dejar de pensar en los \u00a0profesionales al pie del ca\u00f1\u00f3n, ni en los que han perdido el trabajo. Algunos pol\u00edticos llaman a esto guerra. Ya veremos si m\u00e1s de uno no termina sonado como aquellos soldados americanos cuando volvieron \u00a0de Vietnan.<\/p>\n<p>Dicen que bajan los contagios y los muertos, mientras por la autov\u00eda no dejan de sonar \u00a0sirenas de \u00a0ambulancias.<\/p>\n<p><a href=\"https:\/\/static-blogs.hoy.es\/wp-content\/uploads\/sites\/8\/2020\/05\/DSC04141-2.jpg\"><img loading=\"lazy\" class=\"alignnone size-medium wp-image-1557\" src=\"https:\/\/static-blogs.hoy.es\/wp-content\/uploads\/sites\/8\/2020\/05\/DSC04141-2-300x200.jpg\" alt=\"\" width=\"300\" height=\"200\" srcset=\"https:\/\/static-blogs.hoy.es\/wp-content\/uploads\/sites\/8\/2020\/05\/DSC04141-2-300x200.jpg 300w, https:\/\/static-blogs.hoy.es\/wp-content\/uploads\/sites\/8\/2020\/05\/DSC04141-2-768x511.jpg 768w, https:\/\/static-blogs.hoy.es\/wp-content\/uploads\/sites\/8\/2020\/05\/DSC04141-2-1024x682.jpg 1024w, https:\/\/static-blogs.hoy.es\/wp-content\/uploads\/sites\/8\/2020\/05\/DSC04141-2.jpg 1364w\" sizes=\"(max-width: 300px) 100vw, 300px\" \/><\/a><\/p>\n<p>En la calle \u00a0volvemos arremolinarnos con ropa deportiva. Veremos cuando abran los bares y llevemos \u00a0dos vinos en lo alto y alcancemos \u00a0la tercera la fase, la de la exaltaci\u00f3n de la amistad, y nos d\u00e9 por abrazarnos, si no tendremos que volver a correr por los pasillos.<\/p>\n<!-- AddThis Advanced Settings generic via filter on the_content --><!-- AddThis Share Buttons generic via filter on the_content -->","protected":false},"excerpt":{"rendered":"<p>Sal\u00ed \u00a0a correr despu\u00e9s de dos meses encerrado. El reloj marcaba las 6,30 de la ma\u00f1ana del primer s\u00e1bado de mayo. Una hora \u00a0m\u00e1s propia de j\u00f3venes borrachos y solos recogi\u00e9ndose que de salidas en pantal\u00f3n corto. \u00a0La \u00faltima vez que corr\u00ed fueron diez kil\u00f3metros en Valdelacalzada. \u00a0Despu\u00e9s de la prueba nos sentamos \u00a0en un [&hellip;]<!-- AddThis Advanced Settings generic via filter on get_the_excerpt --><!-- AddThis Share Buttons generic via filter on get_the_excerpt --><\/p>\n","protected":false},"author":10,"featured_media":1284,"comment_status":"open","ping_status":"closed","sticky":false,"template":"","format":"standard","meta":[],"categories":[2],"tags":[129,1457,1458,1456],"_links":{"self":[{"href":"https:\/\/blogs.hoy.es\/migas-canas\/wp-json\/wp\/v2\/posts\/1551"}],"collection":[{"href":"https:\/\/blogs.hoy.es\/migas-canas\/wp-json\/wp\/v2\/posts"}],"about":[{"href":"https:\/\/blogs.hoy.es\/migas-canas\/wp-json\/wp\/v2\/types\/post"}],"author":[{"embeddable":true,"href":"https:\/\/blogs.hoy.es\/migas-canas\/wp-json\/wp\/v2\/users\/10"}],"replies":[{"embeddable":true,"href":"https:\/\/blogs.hoy.es\/migas-canas\/wp-json\/wp\/v2\/comments?post=1551"}],"version-history":[{"count":3,"href":"https:\/\/blogs.hoy.es\/migas-canas\/wp-json\/wp\/v2\/posts\/1551\/revisions"}],"predecessor-version":[{"id":1560,"href":"https:\/\/blogs.hoy.es\/migas-canas\/wp-json\/wp\/v2\/posts\/1551\/revisions\/1560"}],"wp:featuredmedia":[{"embeddable":true,"href":"https:\/\/blogs.hoy.es\/migas-canas\/wp-json\/wp\/v2\/media\/1284"}],"wp:attachment":[{"href":"https:\/\/blogs.hoy.es\/migas-canas\/wp-json\/wp\/v2\/media?parent=1551"}],"wp:term":[{"taxonomy":"category","embeddable":true,"href":"https:\/\/blogs.hoy.es\/migas-canas\/wp-json\/wp\/v2\/categories?post=1551"},{"taxonomy":"post_tag","embeddable":true,"href":"https:\/\/blogs.hoy.es\/migas-canas\/wp-json\/wp\/v2\/tags?post=1551"}],"curies":[{"name":"wp","href":"https:\/\/api.w.org\/{rel}","templated":true}]}}