{"id":1562,"date":"2020-05-20T22:25:28","date_gmt":"2020-05-20T21:25:28","guid":{"rendered":"http:\/\/blogs.hoy.es\/migas-canas\/?p=1562"},"modified":"2020-05-20T22:25:28","modified_gmt":"2020-05-20T21:25:28","slug":"carlos-lopez-bernaldez","status":"publish","type":"post","link":"https:\/\/blogs.hoy.es\/migas-canas\/2020\/05\/20\/carlos-lopez-bernaldez\/","title":{"rendered":"CARLOS L\u00d3PEZ BERN\u00c1LDEZ"},"content":{"rendered":"<p><a href=\"https:\/\/static-blogs.hoy.es\/wp-content\/uploads\/sites\/8\/2020\/05\/Carlos.jpg\"><img loading=\"lazy\" class=\"alignnone size-medium wp-image-1563\" src=\"https:\/\/static-blogs.hoy.es\/wp-content\/uploads\/sites\/8\/2020\/05\/Carlos-300x300.jpg\" alt=\"\" width=\"300\" height=\"300\" srcset=\"https:\/\/static-blogs.hoy.es\/wp-content\/uploads\/sites\/8\/2020\/05\/Carlos-300x300.jpg 300w, https:\/\/static-blogs.hoy.es\/wp-content\/uploads\/sites\/8\/2020\/05\/Carlos-150x150.jpg 150w, https:\/\/static-blogs.hoy.es\/wp-content\/uploads\/sites\/8\/2020\/05\/Carlos.jpg 640w\" sizes=\"(max-width: 300px) 100vw, 300px\" \/><\/a><\/p>\n<p>Est\u00e1n todo el d\u00eda en televisi\u00f3n qui\u00e9nes cuentan con el m\u00e9rito haberse acostado con alguien o los que saben dar patadas a un bal\u00f3n, sin embargo, no salen los que hacen que el mundo sea mejor.<\/p>\n<p>Carlos L\u00f3pez, un nombre sencillo para un hombre excepcional. M\u00e9dico de familia, vocal del colegio de m\u00e9dicos, profesor en la facultad de medicina y hasta hace poco Coordinador del Equipo de Atenci\u00f3n Primaria del Centro de Salud de Valdepasillas .Todo esto, siendo importante, no es nada comparado con su bondad. Carlos es un hombre bueno, sensible a las dificultades de la gente, sabe escuchar y resolver problemas.<\/p>\n<p><a href=\"https:\/\/static-blogs.hoy.es\/wp-content\/uploads\/sites\/8\/2020\/05\/DSC04365-2.jpg\"><img loading=\"lazy\" class=\"alignnone size-medium wp-image-1564\" src=\"https:\/\/static-blogs.hoy.es\/wp-content\/uploads\/sites\/8\/2020\/05\/DSC04365-2-300x195.jpg\" alt=\"\" width=\"300\" height=\"195\" srcset=\"https:\/\/static-blogs.hoy.es\/wp-content\/uploads\/sites\/8\/2020\/05\/DSC04365-2-300x195.jpg 300w, https:\/\/static-blogs.hoy.es\/wp-content\/uploads\/sites\/8\/2020\/05\/DSC04365-2-768x499.jpg 768w, https:\/\/static-blogs.hoy.es\/wp-content\/uploads\/sites\/8\/2020\/05\/DSC04365-2-1024x665.jpg 1024w, https:\/\/static-blogs.hoy.es\/wp-content\/uploads\/sites\/8\/2020\/05\/DSC04365-2.jpg 1096w\" sizes=\"(max-width: 300px) 100vw, 300px\" \/><\/a><\/p>\n<p>Amante de Portugal, buen cocinero y mejor comensal, ha llegado a la edad de la jubilaci\u00f3n. Podr\u00eda haberlo hecho, quitarse del medio y disfrutar de sus numerosas aficiones, pero sab\u00eda qu\u00e9 hac\u00eda falta en momentos dif\u00edciles y que ten\u00eda que \u00a0ayudar para combatir el virus que \u00a0atac\u00f3 por sorpresa.<\/p>\n<p>Siempre llegaba\u00a0 el primero al Centro de Salud, se pon\u00eda en la puerta con su pijama blanco impoluto, mascarillas, guantes y su rotunda presencia de 1.90 para recibir a todo el personal.\u00a0 Daba \u00a0los buenos d\u00edas \u00a0uno a uno, anim\u00e1ndonos\u00a0 para\u00a0 no decaer ante la pandemia con voz potente de locutor de radio que tambi\u00e9n pod\u00eda convertirse en susurrante y consoladora.<\/p>\n<p>Recordaba que guard\u00e1semos la distancia, que nos pusi\u00e9ramos la mascarilla, que nos lav\u00e1semos las manos.<\/p>\n<p><a href=\"https:\/\/static-blogs.hoy.es\/wp-content\/uploads\/sites\/8\/2020\/05\/DSC04362-2.jpg\"><img loading=\"lazy\" class=\"alignnone size-medium wp-image-1565\" src=\"https:\/\/static-blogs.hoy.es\/wp-content\/uploads\/sites\/8\/2020\/05\/DSC04362-2-300x200.jpg\" alt=\"\" width=\"300\" height=\"200\" srcset=\"https:\/\/static-blogs.hoy.es\/wp-content\/uploads\/sites\/8\/2020\/05\/DSC04362-2-300x200.jpg 300w, https:\/\/static-blogs.hoy.es\/wp-content\/uploads\/sites\/8\/2020\/05\/DSC04362-2-768x512.jpg 768w, https:\/\/static-blogs.hoy.es\/wp-content\/uploads\/sites\/8\/2020\/05\/DSC04362-2-1024x683.jpg 1024w, https:\/\/static-blogs.hoy.es\/wp-content\/uploads\/sites\/8\/2020\/05\/DSC04362-2.jpg 1800w\" sizes=\"(max-width: 300px) 100vw, 300px\" \/><\/a><\/p>\n<p>Carlos tiene la \u00a0capacidad y \u00a0habilidad del dialogo. Un talento para acercar posiciones y buscar el beneficio general, siempre desde la humildad, \u00a0una caracter\u00edstica de las personas inteligentes. \u00a0Dec\u00eda \u201cnadie es m\u00e1s que nadie\u201d. Y si no lo dec\u00eda lo pensaba. \u00a0Carlos tiene vocaci\u00f3n de ayuda, quiz\u00e1s sea \u00a0el motivo por el cual se hizo m\u00e9dico, \u00a0como \u00e9l dice, m\u00e9dico de pueblo, de su Alc\u00e1ntara querida donde ejerci\u00f3 unos a\u00f1os y donde nacieron sus hijos.<\/p>\n<p>Su mujer, hijos, nietos, amigos, compa\u00f1eros, sus residentes a los que cuida y ense\u00f1a como un padre le quieren y \u00e9l les quiere a ellos. Un gran tipo que vive con la misma pasi\u00f3n su trabajo que la vida.<\/p>\n<p><a href=\"https:\/\/static-blogs.hoy.es\/wp-content\/uploads\/sites\/8\/2020\/05\/DSC04356-2.jpg\"><img loading=\"lazy\" class=\"alignnone size-medium wp-image-1567\" src=\"https:\/\/static-blogs.hoy.es\/wp-content\/uploads\/sites\/8\/2020\/05\/DSC04356-2-300x170.jpg\" alt=\"\" width=\"300\" height=\"170\" srcset=\"https:\/\/static-blogs.hoy.es\/wp-content\/uploads\/sites\/8\/2020\/05\/DSC04356-2-300x170.jpg 300w, https:\/\/static-blogs.hoy.es\/wp-content\/uploads\/sites\/8\/2020\/05\/DSC04356-2-768x434.jpg 768w, https:\/\/static-blogs.hoy.es\/wp-content\/uploads\/sites\/8\/2020\/05\/DSC04356-2-1024x579.jpg 1024w, https:\/\/static-blogs.hoy.es\/wp-content\/uploads\/sites\/8\/2020\/05\/DSC04356-2.jpg 1100w\" sizes=\"(max-width: 300px) 100vw, 300px\" \/><\/a><\/p>\n<p>Ahora, que ya no es Coordinador,\u00a0 disfruta \u00a0como empez\u00f3, ejerciendo de algo tan grande como es la medicina de familia. El \u00a0m\u00e9dico de cabecera que desde su consulta continua ayudando a la gente.<\/p>\n<p>Su nombre \u00a0figurara con letras de honor en la historia del Centro de Salud de \u00a0Valdepasillas donde ha sido el alma, el coraz\u00f3n y los pulmones que \u00a0ha hecho respirar a un centro bien avenido. Dice que el secreto para que las cosas funcionen \u00a0es llevarse bien entre \u00a0compa\u00f1eros, estar a gusto en el trabajo, luego, lo dem\u00e1s, llega solo.<\/p>\n<!-- AddThis Advanced Settings generic via filter on the_content --><!-- AddThis Share Buttons generic via filter on the_content -->","protected":false},"excerpt":{"rendered":"<p>Est\u00e1n todo el d\u00eda en televisi\u00f3n qui\u00e9nes cuentan con el m\u00e9rito haberse acostado con alguien o los que saben dar patadas a un bal\u00f3n, sin embargo, no salen los que hacen que el mundo sea mejor. Carlos L\u00f3pez, un nombre sencillo para un hombre excepcional. M\u00e9dico de familia, vocal del colegio de m\u00e9dicos, profesor en [&hellip;]<!-- AddThis Advanced Settings generic via filter on get_the_excerpt --><!-- AddThis Share Buttons generic via filter on get_the_excerpt --><\/p>\n","protected":false},"author":10,"featured_media":1284,"comment_status":"open","ping_status":"closed","sticky":false,"template":"","format":"standard","meta":[],"categories":[2],"tags":[1459,246],"_links":{"self":[{"href":"https:\/\/blogs.hoy.es\/migas-canas\/wp-json\/wp\/v2\/posts\/1562"}],"collection":[{"href":"https:\/\/blogs.hoy.es\/migas-canas\/wp-json\/wp\/v2\/posts"}],"about":[{"href":"https:\/\/blogs.hoy.es\/migas-canas\/wp-json\/wp\/v2\/types\/post"}],"author":[{"embeddable":true,"href":"https:\/\/blogs.hoy.es\/migas-canas\/wp-json\/wp\/v2\/users\/10"}],"replies":[{"embeddable":true,"href":"https:\/\/blogs.hoy.es\/migas-canas\/wp-json\/wp\/v2\/comments?post=1562"}],"version-history":[{"count":2,"href":"https:\/\/blogs.hoy.es\/migas-canas\/wp-json\/wp\/v2\/posts\/1562\/revisions"}],"predecessor-version":[{"id":1569,"href":"https:\/\/blogs.hoy.es\/migas-canas\/wp-json\/wp\/v2\/posts\/1562\/revisions\/1569"}],"wp:featuredmedia":[{"embeddable":true,"href":"https:\/\/blogs.hoy.es\/migas-canas\/wp-json\/wp\/v2\/media\/1284"}],"wp:attachment":[{"href":"https:\/\/blogs.hoy.es\/migas-canas\/wp-json\/wp\/v2\/media?parent=1562"}],"wp:term":[{"taxonomy":"category","embeddable":true,"href":"https:\/\/blogs.hoy.es\/migas-canas\/wp-json\/wp\/v2\/categories?post=1562"},{"taxonomy":"post_tag","embeddable":true,"href":"https:\/\/blogs.hoy.es\/migas-canas\/wp-json\/wp\/v2\/tags?post=1562"}],"curies":[{"name":"wp","href":"https:\/\/api.w.org\/{rel}","templated":true}]}}