{"id":1571,"date":"2020-06-24T13:53:12","date_gmt":"2020-06-24T12:53:12","guid":{"rendered":"http:\/\/blogs.hoy.es\/migas-canas\/?p=1571"},"modified":"2020-06-24T13:53:12","modified_gmt":"2020-06-24T12:53:12","slug":"semaforo-en-rojo","status":"publish","type":"post","link":"https:\/\/blogs.hoy.es\/migas-canas\/2020\/06\/24\/semaforo-en-rojo\/","title":{"rendered":"SEM\u00c1FORO EN ROJO"},"content":{"rendered":"<p><a href=\"https:\/\/static-blogs.hoy.es\/wp-content\/uploads\/sites\/8\/2020\/06\/DSC03318.jpg\"><img loading=\"lazy\" class=\"alignnone size-medium wp-image-1572\" src=\"https:\/\/static-blogs.hoy.es\/wp-content\/uploads\/sites\/8\/2020\/06\/DSC03318-300x200.jpg\" alt=\"\" width=\"300\" height=\"200\" srcset=\"https:\/\/static-blogs.hoy.es\/wp-content\/uploads\/sites\/8\/2020\/06\/DSC03318-300x200.jpg 300w, https:\/\/static-blogs.hoy.es\/wp-content\/uploads\/sites\/8\/2020\/06\/DSC03318-768x511.jpg 768w, https:\/\/static-blogs.hoy.es\/wp-content\/uploads\/sites\/8\/2020\/06\/DSC03318-1024x682.jpg 1024w, https:\/\/static-blogs.hoy.es\/wp-content\/uploads\/sites\/8\/2020\/06\/DSC03318.jpg 1364w\" sizes=\"(max-width: 300px) 100vw, 300px\" \/><\/a><\/p>\n<p>Me asomo al balc\u00f3n. Se oye un ni\u00f1o llorar, un anciano toser. Las luces del sem\u00e1foro van del rojo al verde, del verde al rojo. Cambian con una precisi\u00f3n de reloj suizo, como si no estuviera pasando nada, pero mientras \u00a0cambian de color se produce un tiroteo en San Roque, un apu\u00f1alamiento en el Rivillas y\u00a0 el virus juega al escondite, ahora aparece en Plasencia, ma\u00f1ana en Sagraja otro d\u00eda en Zafra, en Badajoz.<\/p>\n<p>Olvidamos las mascarillas. Cada vez son menos quienes la llevan y los \u00a0que la llevan se protegen la barbilla, el codo o cuelgan de la oreja como un pendiente, otros la llevan en la cabeza como una gorra.<\/p>\n<p>El sem\u00e1foro sigue su ritmo a esas horas innecesarias \u00a0en las que no pasan coches, ni peatones, pero cumple con su deber sin relajarse.<\/p>\n<p><a href=\"https:\/\/static-blogs.hoy.es\/wp-content\/uploads\/sites\/8\/2020\/06\/DSC02811.jpg\"><img loading=\"lazy\" class=\"alignnone size-medium wp-image-1573\" src=\"https:\/\/static-blogs.hoy.es\/wp-content\/uploads\/sites\/8\/2020\/06\/DSC02811-300x200.jpg\" alt=\"\" width=\"300\" height=\"200\" srcset=\"https:\/\/static-blogs.hoy.es\/wp-content\/uploads\/sites\/8\/2020\/06\/DSC02811-300x200.jpg 300w, https:\/\/static-blogs.hoy.es\/wp-content\/uploads\/sites\/8\/2020\/06\/DSC02811-768x511.jpg 768w, https:\/\/static-blogs.hoy.es\/wp-content\/uploads\/sites\/8\/2020\/06\/DSC02811-1024x682.jpg 1024w, https:\/\/static-blogs.hoy.es\/wp-content\/uploads\/sites\/8\/2020\/06\/DSC02811.jpg 1364w\" sizes=\"(max-width: 300px) 100vw, 300px\" \/><\/a><\/p>\n<p>Desde el balc\u00f3n veo el campo en todo su esplendor, miro dentro del sal\u00f3n y siento el agobio del encierro, veo Pek\u00edn. Pek\u00edn est\u00e1 tan lejos y tan cerca como estaba Wuhan. Por entonces empezamos hacer chistes sobre chinos con mascarillas, hasta que a los pocos d\u00edas lleg\u00f3 S\u00e1nchez y \u00a0mand\u00f3 encerrarse, eso no nos hizo tanta gracia.\u00a0 Un\u00a0 confinamiento que por lo que se ve en botellones, playas y celebraciones estamos dispuestos a repetir.\u00a0 No recordamos los d\u00edas de encierro, cuando nos sub\u00edamos por las paredes, las noches de insomnio, los enfermos entubados, los muertos. No nos acordamos del inquietante silencio de la calles solo interrumpido por sirenas de ambulancias, no nos acordamos cuando nos sent\u00edamos atrapado entre \u00a0cuatro paredes, unas paredes que ahora \u00a0me recuerdan a aquellos d\u00edas donde la habitaci\u00f3n se achicaba hasta la asfixia cuando llegaba otra noche sin sue\u00f1o.<\/p>\n<p><a href=\"https:\/\/static-blogs.hoy.es\/wp-content\/uploads\/sites\/8\/2020\/06\/DSC03485-2.jpg\"><img loading=\"lazy\" class=\"alignnone size-medium wp-image-1574\" src=\"https:\/\/static-blogs.hoy.es\/wp-content\/uploads\/sites\/8\/2020\/06\/DSC03485-2-300x200.jpg\" alt=\"\" width=\"300\" height=\"200\" srcset=\"https:\/\/static-blogs.hoy.es\/wp-content\/uploads\/sites\/8\/2020\/06\/DSC03485-2-300x200.jpg 300w, https:\/\/static-blogs.hoy.es\/wp-content\/uploads\/sites\/8\/2020\/06\/DSC03485-2-768x511.jpg 768w, https:\/\/static-blogs.hoy.es\/wp-content\/uploads\/sites\/8\/2020\/06\/DSC03485-2-1024x682.jpg 1024w, https:\/\/static-blogs.hoy.es\/wp-content\/uploads\/sites\/8\/2020\/06\/DSC03485-2.jpg 1364w\" sizes=\"(max-width: 300px) 100vw, 300px\" \/><\/a><\/p>\n<p>Los especialistas dicen que se producir\u00e1 un \u00a0repunte con nuevos contagiados y m\u00e1s muertos. Nos llegar\u00e1 ese d\u00eda por sorpresa, sin esperarlo aunque todos los expertos lo esperan.\u00a0 Hemos perdido el respecto al virus abraz\u00e1ndonos, arremolin\u00e1ndonos. Hacemos cosas que no deber\u00edamos y que no vamos a poder hacer cuando el bicho vuelva hacerse fuerte en nuestras calles.<\/p>\n<p><a href=\"https:\/\/static-blogs.hoy.es\/wp-content\/uploads\/sites\/8\/2020\/06\/DSC04289-2.jpg\"><img loading=\"lazy\" class=\"alignnone size-medium wp-image-1575\" src=\"https:\/\/static-blogs.hoy.es\/wp-content\/uploads\/sites\/8\/2020\/06\/DSC04289-2-300x200.jpg\" alt=\"\" width=\"300\" height=\"200\" srcset=\"https:\/\/static-blogs.hoy.es\/wp-content\/uploads\/sites\/8\/2020\/06\/DSC04289-2-300x200.jpg 300w, https:\/\/static-blogs.hoy.es\/wp-content\/uploads\/sites\/8\/2020\/06\/DSC04289-2-768x512.jpg 768w, https:\/\/static-blogs.hoy.es\/wp-content\/uploads\/sites\/8\/2020\/06\/DSC04289-2-1024x683.jpg 1024w, https:\/\/static-blogs.hoy.es\/wp-content\/uploads\/sites\/8\/2020\/06\/DSC04289-2.jpg 1500w\" sizes=\"(max-width: 300px) 100vw, 300px\" \/><\/a><\/p>\n<p>Yo estoy buscando una casa de alquiler en el campo aunque seg\u00fan dice un reportaje del HOY no queda ninguna. Me conformar\u00e9 con ver pel\u00edculas largas en televisi\u00f3n. \u201cLo que el viento se llev\u00f3\u201d \u00a0la tengo grabada.<\/p>\n<p>El sem\u00e1foro cumple con su obligaci\u00f3n del verde al rojo, veremos si un d\u00eda no se queda para siempre en rojo.<\/p>\n<!-- AddThis Advanced Settings generic via filter on the_content --><!-- AddThis Share Buttons generic via filter on the_content -->","protected":false},"excerpt":{"rendered":"<p>Me asomo al balc\u00f3n. Se oye un ni\u00f1o llorar, un anciano toser. Las luces del sem\u00e1foro van del rojo al verde, del verde al rojo. Cambian con una precisi\u00f3n de reloj suizo, como si no estuviera pasando nada, pero mientras \u00a0cambian de color se produce un tiroteo en San Roque, un apu\u00f1alamiento en el Rivillas [&hellip;]<!-- AddThis Advanced Settings generic via filter on get_the_excerpt --><!-- AddThis Share Buttons generic via filter on get_the_excerpt --><\/p>\n","protected":false},"author":10,"featured_media":1284,"comment_status":"open","ping_status":"closed","sticky":false,"template":"","format":"standard","meta":[],"categories":[2],"tags":[1464,168,1460,1463,1452,1461,1462],"_links":{"self":[{"href":"https:\/\/blogs.hoy.es\/migas-canas\/wp-json\/wp\/v2\/posts\/1571"}],"collection":[{"href":"https:\/\/blogs.hoy.es\/migas-canas\/wp-json\/wp\/v2\/posts"}],"about":[{"href":"https:\/\/blogs.hoy.es\/migas-canas\/wp-json\/wp\/v2\/types\/post"}],"author":[{"embeddable":true,"href":"https:\/\/blogs.hoy.es\/migas-canas\/wp-json\/wp\/v2\/users\/10"}],"replies":[{"embeddable":true,"href":"https:\/\/blogs.hoy.es\/migas-canas\/wp-json\/wp\/v2\/comments?post=1571"}],"version-history":[{"count":1,"href":"https:\/\/blogs.hoy.es\/migas-canas\/wp-json\/wp\/v2\/posts\/1571\/revisions"}],"predecessor-version":[{"id":1576,"href":"https:\/\/blogs.hoy.es\/migas-canas\/wp-json\/wp\/v2\/posts\/1571\/revisions\/1576"}],"wp:featuredmedia":[{"embeddable":true,"href":"https:\/\/blogs.hoy.es\/migas-canas\/wp-json\/wp\/v2\/media\/1284"}],"wp:attachment":[{"href":"https:\/\/blogs.hoy.es\/migas-canas\/wp-json\/wp\/v2\/media?parent=1571"}],"wp:term":[{"taxonomy":"category","embeddable":true,"href":"https:\/\/blogs.hoy.es\/migas-canas\/wp-json\/wp\/v2\/categories?post=1571"},{"taxonomy":"post_tag","embeddable":true,"href":"https:\/\/blogs.hoy.es\/migas-canas\/wp-json\/wp\/v2\/tags?post=1571"}],"curies":[{"name":"wp","href":"https:\/\/api.w.org\/{rel}","templated":true}]}}