{"id":1578,"date":"2020-10-14T16:36:28","date_gmt":"2020-10-14T15:36:28","guid":{"rendered":"http:\/\/blogs.hoy.es\/migas-canas\/?p=1578"},"modified":"2020-10-18T11:18:14","modified_gmt":"2020-10-18T10:18:14","slug":"tres-amigos","status":"publish","type":"post","link":"https:\/\/blogs.hoy.es\/migas-canas\/2020\/10\/14\/tres-amigos\/","title":{"rendered":"TRES AMIGOS"},"content":{"rendered":"<p>&nbsp;<\/p>\n<p><a href=\"https:\/\/static-blogs.hoy.es\/wp-content\/uploads\/sites\/8\/2020\/10\/DSCN1025-2.jpg\"><img loading=\"lazy\" class=\"alignnone size-medium wp-image-1580\" src=\"https:\/\/static-blogs.hoy.es\/wp-content\/uploads\/sites\/8\/2020\/10\/DSCN1025-2-300x258.jpg\" alt=\"\" width=\"300\" height=\"258\" srcset=\"https:\/\/static-blogs.hoy.es\/wp-content\/uploads\/sites\/8\/2020\/10\/DSCN1025-2-300x258.jpg 300w, https:\/\/static-blogs.hoy.es\/wp-content\/uploads\/sites\/8\/2020\/10\/DSCN1025-2.jpg 478w\" sizes=\"(max-width: 300px) 100vw, 300px\" \/><\/a><\/p>\n<p>Cuando ten\u00eda 18 a\u00f1os ten\u00eda el pelo largo, barba, un jersey de lana hecho a mano que me llegaba a las rodillas, pantal\u00f3n vaquero con remiendos y unos estudiados andares de larguirucho desgarbado. Debajo del brazo llevaba un LP de Paco Ib\u00e1\u00f1ez, de V\u00edctor Jara, tambi\u00e9n de Jarcha. Con 18 a\u00f1os era de izquierda. Me gustaba Anguita. Cre\u00eda en el amor, en la bondad, en la raz\u00f3n, en el di\u00e1logo, en la pol\u00edtica, era tan ignorante que todo lo ten\u00eda muy claro.<\/p>\n<p><a href=\"https:\/\/static-blogs.hoy.es\/wp-content\/uploads\/sites\/8\/2020\/05\/DSC03983-2.jpg\"><img loading=\"lazy\" class=\"alignnone size-medium wp-image-1556\" src=\"https:\/\/static-blogs.hoy.es\/wp-content\/uploads\/sites\/8\/2020\/05\/DSC03983-2-300x200.jpg\" alt=\"\" width=\"300\" height=\"200\" srcset=\"https:\/\/static-blogs.hoy.es\/wp-content\/uploads\/sites\/8\/2020\/05\/DSC03983-2-300x200.jpg 300w, https:\/\/static-blogs.hoy.es\/wp-content\/uploads\/sites\/8\/2020\/05\/DSC03983-2-768x511.jpg 768w, https:\/\/static-blogs.hoy.es\/wp-content\/uploads\/sites\/8\/2020\/05\/DSC03983-2-1024x682.jpg 1024w, https:\/\/static-blogs.hoy.es\/wp-content\/uploads\/sites\/8\/2020\/05\/DSC03983-2.jpg 1364w\" sizes=\"(max-width: 300px) 100vw, 300px\" \/><\/a><\/p>\n<p>Cuando ten\u00eda 18 a\u00f1os iba a San Francisco. Me gustaba sentarme siempre en el mismo banco con la muchacha que quer\u00eda y rozar su mano.\u00a0 Me gustaba el olor a pachuli, tambi\u00e9n el del hach\u00eds aunque no sus efectos. Era m\u00e1s de cerveza con mollejas en el Torres. Tambi\u00e9n iba \u00a0al bar \u00a0Kalty. Miraba el escaparate de Universitas, por entonces no compraba libros, no ten\u00eda dinero. \u00a0En el Kalty, ella y yo \u00a0ped\u00edamos una ca\u00f1a con dos vasos, todo era compartido hasta que me dej\u00f3 por uno bien vestido de derechas que trabajaba en un banco.<\/p>\n<p><a href=\"https:\/\/static-blogs.hoy.es\/wp-content\/uploads\/sites\/8\/2018\/02\/IMG-20170416-WA0000.jpg\"><img loading=\"lazy\" class=\"alignnone size-medium wp-image-1262\" src=\"https:\/\/static-blogs.hoy.es\/wp-content\/uploads\/sites\/8\/2018\/02\/IMG-20170416-WA0000-169x300.jpg\" alt=\"\" width=\"169\" height=\"300\" srcset=\"https:\/\/static-blogs.hoy.es\/wp-content\/uploads\/sites\/8\/2018\/02\/IMG-20170416-WA0000-169x300.jpg 169w, https:\/\/static-blogs.hoy.es\/wp-content\/uploads\/sites\/8\/2018\/02\/IMG-20170416-WA0000-576x1024.jpg 576w, https:\/\/static-blogs.hoy.es\/wp-content\/uploads\/sites\/8\/2018\/02\/IMG-20170416-WA0000.jpg 720w\" sizes=\"(max-width: 169px) 100vw, 169px\" \/><\/a><\/p>\n<p>Cuando ten\u00eda 18 a\u00f1os iba a San Francisco con Jos\u00e9, Pablos y Lolo, en lugar de alucinar con los porros ten\u00edamos subidones corriendo detr\u00e1s de una pelota en los campos de f\u00fatbol. \u00c9ramos unos \u201cpuretas\u201d que nos gustaba el ambiente progre, aunque no particip\u00e1bamos de la parte l\u00fadica, no tom\u00e1bamos bebidas fuertes, ni fum\u00e1bamos. Le\u00edamos a\u00a0 Bukoswski \u00a0pero no le imit\u00e1bamos. Eran mis amigos y aunque ahora casi no los veo, nunca se rompi\u00f3 el cari\u00f1o. La casualidad ha hecho que esta semana los tres hayan pasado por el quir\u00f3fano por eso quiero recordar aquellos a\u00f1os rebosantes de salud. Qui\u00e9n iba a decir que \u00a0ser\u00eda yo qui\u00e9n los mencionar\u00eda en el peri\u00f3dico, teniendo en cuenta que el m\u00e1s conocido de aquel grupo fue, Paco Alegre al que le dec\u00edamos \u201ccuando salga en prensa acu\u00e9rdate de nombrarnos, de tus or\u00edgenes, di que con nosotros \u00a0aprendiste a jugar al f\u00fatbol\u201d. Esta ma\u00f1ana he visto una foto suya, gigante en una puerta del campo de f\u00fatbol del Vivero que dice \u201cel jefe del mediocampo\u201d.<a href=\"https:\/\/static-blogs.hoy.es\/wp-content\/uploads\/sites\/8\/2020\/10\/DSC05214.jpg\"><img loading=\"lazy\" class=\"alignnone size-medium wp-image-1586\" src=\"https:\/\/static-blogs.hoy.es\/wp-content\/uploads\/sites\/8\/2020\/10\/DSC05214-300x200.jpg\" alt=\"\" width=\"300\" height=\"200\" srcset=\"https:\/\/static-blogs.hoy.es\/wp-content\/uploads\/sites\/8\/2020\/10\/DSC05214-300x200.jpg 300w, https:\/\/static-blogs.hoy.es\/wp-content\/uploads\/sites\/8\/2020\/10\/DSC05214.jpg 750w\" sizes=\"(max-width: 300px) 100vw, 300px\" \/><\/a><a href=\"https:\/\/static-blogs.hoy.es\/wp-content\/uploads\/sites\/8\/2020\/10\/DSC05217.jpg\"><img loading=\"lazy\" class=\"alignnone size-medium wp-image-1588\" src=\"https:\/\/static-blogs.hoy.es\/wp-content\/uploads\/sites\/8\/2020\/10\/DSC05217-300x200.jpg\" alt=\"\" width=\"300\" height=\"200\" srcset=\"https:\/\/static-blogs.hoy.es\/wp-content\/uploads\/sites\/8\/2020\/10\/DSC05217-300x200.jpg 300w, https:\/\/static-blogs.hoy.es\/wp-content\/uploads\/sites\/8\/2020\/10\/DSC05217.jpg 750w\" sizes=\"(max-width: 300px) 100vw, 300px\" \/><\/a><\/p>\n<p>&nbsp;<\/p>\n<p>En aquellos a\u00f1os \u00e9ramos invencibles, ahora tres de ellos han pasado por quir\u00f3fano, mi generaci\u00f3n empieza a visitar hospitales, es una cuesti\u00f3n de tiempo, por eso sabemos que la salud es mucho m\u00e1s importante que el dinero y sobre todo deber\u00eda permanecer al margen de intereses pol\u00edticos.<\/p>\n<!-- AddThis Advanced Settings generic via filter on the_content --><!-- AddThis Share Buttons generic via filter on the_content -->","protected":false},"excerpt":{"rendered":"<p>&nbsp; Cuando ten\u00eda 18 a\u00f1os ten\u00eda el pelo largo, barba, un jersey de lana hecho a mano que me llegaba a las rodillas, pantal\u00f3n vaquero con remiendos y unos estudiados andares de larguirucho desgarbado. Debajo del brazo llevaba un LP de Paco Ib\u00e1\u00f1ez, de V\u00edctor Jara, tambi\u00e9n de Jarcha. Con 18 a\u00f1os era de izquierda. [&hellip;]<!-- AddThis Advanced Settings generic via filter on get_the_excerpt --><!-- AddThis Share Buttons generic via filter on get_the_excerpt --><\/p>\n","protected":false},"author":10,"featured_media":1284,"comment_status":"open","ping_status":"closed","sticky":false,"template":"","format":"standard","meta":[],"categories":[2],"tags":[1468,1466,1467,1465,941],"_links":{"self":[{"href":"https:\/\/blogs.hoy.es\/migas-canas\/wp-json\/wp\/v2\/posts\/1578"}],"collection":[{"href":"https:\/\/blogs.hoy.es\/migas-canas\/wp-json\/wp\/v2\/posts"}],"about":[{"href":"https:\/\/blogs.hoy.es\/migas-canas\/wp-json\/wp\/v2\/types\/post"}],"author":[{"embeddable":true,"href":"https:\/\/blogs.hoy.es\/migas-canas\/wp-json\/wp\/v2\/users\/10"}],"replies":[{"embeddable":true,"href":"https:\/\/blogs.hoy.es\/migas-canas\/wp-json\/wp\/v2\/comments?post=1578"}],"version-history":[{"count":7,"href":"https:\/\/blogs.hoy.es\/migas-canas\/wp-json\/wp\/v2\/posts\/1578\/revisions"}],"predecessor-version":[{"id":1589,"href":"https:\/\/blogs.hoy.es\/migas-canas\/wp-json\/wp\/v2\/posts\/1578\/revisions\/1589"}],"wp:featuredmedia":[{"embeddable":true,"href":"https:\/\/blogs.hoy.es\/migas-canas\/wp-json\/wp\/v2\/media\/1284"}],"wp:attachment":[{"href":"https:\/\/blogs.hoy.es\/migas-canas\/wp-json\/wp\/v2\/media?parent=1578"}],"wp:term":[{"taxonomy":"category","embeddable":true,"href":"https:\/\/blogs.hoy.es\/migas-canas\/wp-json\/wp\/v2\/categories?post=1578"},{"taxonomy":"post_tag","embeddable":true,"href":"https:\/\/blogs.hoy.es\/migas-canas\/wp-json\/wp\/v2\/tags?post=1578"}],"curies":[{"name":"wp","href":"https:\/\/api.w.org\/{rel}","templated":true}]}}