{"id":16,"date":"2010-12-11T01:59:00","date_gmt":"2010-12-11T01:59:00","guid":{"rendered":"http:\/\/blogs.hoy.es\/migas-canas\/?p=16"},"modified":"2010-12-11T01:59:00","modified_gmt":"2010-12-11T01:59:00","slug":"cartas-al-director","status":"publish","type":"post","link":"https:\/\/blogs.hoy.es\/migas-canas\/2010\/12\/11\/cartas-al-director\/","title":{"rendered":"CARTAS AL DIRECTOR"},"content":{"rendered":"<p><DIV class=mctv_txt> <\/DIV> <DIV class=modcab_meteo> <DIV class=mcmet><SPAN id=publicidad-endesa-meteo><LINK rel=stylesheet type=text\/css href=\"\/css\/publicidad\/endesa\/modulo-meteo.css\" media=all><\/SPAN><INPUT id=ir class=boton  width=30 height=30><\/A><\/p>\n<p> <P class=status><STRONG><FONT size=3>diego algaba<\/FONT><\/STRONG> <INPUT id=OK class=cab_boton title=\"Iniciar b\u00fasqueda\" onclick=busqueda(); value=IR type=button name=OK><\/p>\n<p><\/DIV>  <A href=\"http:\/\/ad.es.doubleclick.net\/click;h=v8\/3a6d\/0\/0\/%2a\/k;44306;0-0;0;23075146;28009-980\/28;0\/0\/0;;~aopt=2\/0\/1e\/0;~sscs=%3f\" rel=\"nofollow\"                                               target=_blank><STRONG><FONT color=#333333><IMG border=0 alt=\"Click here to find out more!\" src=\"\/\/s0.2mdn.net\/viewad\/817-grey.gif\"><\/FONT><\/STRONG><\/A><\/DIV><\/DIV> <DIV class=articulo> <DIV class=art_head> <H3 class=overhead> <DIV id=story-antetitulo class=ln><SPAN id=form-articulo-top class=contenido_form_articulo> <\/DIV><\/H3> <P class=art_barra><LABEL><INPUT class=caja type=text name=author_email_ed><\/LABEL><\/p>\n<p> <P class=frm_der><LABEL><INPUT class=caja type=text name=author_email_r><\/LABEL><\/p>\n<p><\/SPAN><\/DIV> <DIV class=colABC_articulo> <DIV class=colAB_articulo> <DIV class=colAB_articulo> <DIV class=text> <DIV class=barhead> <DIV id=story-entradilla class=ln><FONT color=#636363 size=2><\/FONT><\/DIV><\/DIV> <DIV id=story-texto class=p> <DIV class=p>ESTABA en una cafeter\u00eda pr\u00f3xima al centro de salud de Valdepasillas, en Badajoz, leyendo el HOY, cuando un se\u00f1or me pidi\u00f3 el peri\u00f3dico para comprobar si le hab\u00edan publicado una carta que hab\u00eda enviado el d\u00eda anterior. No estaba. Le pregunt\u00e9 su nombre y de qu\u00e9 trataba la carta, para leerla, y unos d\u00edas despu\u00e9s la vi publicada. <\/DIV> <DIV class=p>Cartas al director hay en casi todos los peri\u00f3dicos, que ponen este espacio a disposici\u00f3n del lector, para que exprese sus opiniones, quejas y pensamientos. Las cartas, consideradas como un g\u00e9nero literario desde la Edad Media, han evolucionado desde sus inicios. Hoy apenas hay; ya no escribimos a mano, ni mandamos correspondencia en un sobre con un sello debido a la inmediatez del correo electr\u00f3nico. Con su desaparici\u00f3n se ha perdiendo la frescura de la palabra escrita, en la que el destinatario pod\u00eda intentar descubrir los secretos que, a veces, esconden los vocablos en el trazo realizado a mano. En nuestros d\u00edas, las cartas que llegan a los buzones son modelos en serie, con un contenido establecido en la mayor\u00eda de las ocasiones, escritas por los bancos y en las que lo \u00fanico que var\u00eda de una a otra son las cantidades. <\/DIV> <DIV class=p>El g\u00e9nero epistolar nace en el siglo XV por el af\u00e1n de expresar la individualidad con el nacimiento del humanismo proveniente de Italia. Hasta entonces el arte de escribir cartas, llamado artes dictaminis, consist\u00eda en el uso de moldes r\u00edgidos que no dejaban paso a la creatividad personal; se empleaban en tareas administrativas destinadas a asuntos p\u00fablicos. El concepto epistolar cambia cuando Petrarca descubre las cartas de Cicer\u00f3n; en ellas se da lo p\u00fablico y lo privado, el autor puede expresar sentimientos. Tambi\u00e9n S\u00e9neca hab\u00eda elegido la carta para centrase en temas morales. Estos autores, junto con Plinio, cambian el concepto epistolar de la artes dictaminis convirtiendo la carta en instrumento de comunicaci\u00f3n del humanismo. Enrique de Villena fue el introductor de la ep\u00edstola en los c\u00edrculos cultos de la nobleza castellana, aunque sus cartas se dejaban llevar un poco por los preceptos de las artes dictaminis. La generaci\u00f3n posterior, el Marqu\u00e9s de Santillana, P\u00e9rez de Guzm\u00e1n, Alfonso de Cartajena, procuran evitar esta estructura formal. Pero fue Fernando del Pulgar el que demostr\u00f3 que la ep\u00edstola no es un ejercicio ret\u00f3rico sin los requisitos formales de la escol\u00e1stica francesa. No se conservan ep\u00edstolas human\u00edsticas en Castilla, donde su desarrollo se debi\u00f3 de producir por la presencia de nuevos lectores laicos que demandaban este g\u00e9nero. A principios del siglo XV, la ep\u00edstola se difund\u00eda en reducidos c\u00edrculos cortesanos; a finales de siglo llegaba a m\u00e1s clases sociales y lectores. <\/DIV> <DIV class=p>El libro de Diego de San Pedro &#8216;C\u00e1rcel de amor&#8217; cuenta la historia entre Leriano y Laureola a trav\u00e9s de las cartas que estos se env\u00edan, pudiendo el lector adentrase en los sentimientos m\u00e1s profundo de los protagonistas ante la desnudez de sus sentimientos reflejados en las cartas. Desnudez que hoy, en muchas ocasiones, llega a los peri\u00f3dicos con lectores que, a trav\u00e9s de sus cartas al director, expresan su rabia, indignaci\u00f3n o agradecimiento. El lector puede expresar las cosas que ve, asom\u00e1ndose a ese particular postigo que tienen las puertas de los pueblos y donde cada uno puede tener una visi\u00f3n distinta de un mismo hecho. <\/DIV> <DIV class=p>\u00bfPor que escribes cartas al director?, me preguntan. Dice Sartre que escribir es descubrir un aspecto del mundo para cambiarlo, que se escribe por la necesidad de sentirnos esenciales y que no se escribe para uno mismo, sino para el lector; se escribe para otros, para llegar a la conciencia de los dem\u00e1s. Quiz\u00e1s tambi\u00e9n puede que se escriba respondiendo a la catarsis de la que habla Arist\u00f3teles, como \u00abuna purgaci\u00f3n de ciertas afecciones\u00bb. Escribir cartas al director no es tan pretencioso, quiz\u00e1s sea el espacio m\u00e1s id\u00f3neo para gritar contra hechos injusto o para agradecer a alguien la atenci\u00f3n que le ha prestado. No s\u00e9. Yo, como el se\u00f1or que me pidi\u00f3 el peri\u00f3dico para buscar su carta, escribo cartas al director cuando creo que tengo algo que decir, aunque a veces tambi\u00e9n lo haga solamente por el placer de escribir. Y es que desde siempre me han gustado las cosas que solo sirven para gustar.<\/DIV><\/DIV><\/DIV><\/DIV><\/DIV><\/DIV><\/DIV><\/DIV><\/DIV><\/p>\n<!-- AddThis Advanced Settings generic via filter on the_content --><!-- AddThis Share Buttons generic via filter on the_content -->","protected":false},"excerpt":{"rendered":"<p>diego algaba ESTABA en una cafeter\u00eda pr\u00f3xima al centro de salud de Valdepasillas, en Badajoz, leyendo el HOY, cuando un se\u00f1or me pidi\u00f3 el peri\u00f3dico para comprobar si le hab\u00edan publicado una carta que hab\u00eda enviado el d\u00eda anterior. No estaba. Le pregunt\u00e9 su nombre y de qu\u00e9 trataba la carta, para leerla, y unos [&hellip;]<!-- AddThis Advanced Settings generic via filter on get_the_excerpt --><!-- AddThis Share Buttons generic via filter on get_the_excerpt --><\/p>\n","protected":false},"author":10,"featured_media":0,"comment_status":"open","ping_status":"closed","sticky":false,"template":"","format":"standard","meta":[],"categories":[4],"tags":[],"_links":{"self":[{"href":"https:\/\/blogs.hoy.es\/migas-canas\/wp-json\/wp\/v2\/posts\/16"}],"collection":[{"href":"https:\/\/blogs.hoy.es\/migas-canas\/wp-json\/wp\/v2\/posts"}],"about":[{"href":"https:\/\/blogs.hoy.es\/migas-canas\/wp-json\/wp\/v2\/types\/post"}],"author":[{"embeddable":true,"href":"https:\/\/blogs.hoy.es\/migas-canas\/wp-json\/wp\/v2\/users\/10"}],"replies":[{"embeddable":true,"href":"https:\/\/blogs.hoy.es\/migas-canas\/wp-json\/wp\/v2\/comments?post=16"}],"version-history":[{"count":0,"href":"https:\/\/blogs.hoy.es\/migas-canas\/wp-json\/wp\/v2\/posts\/16\/revisions"}],"wp:attachment":[{"href":"https:\/\/blogs.hoy.es\/migas-canas\/wp-json\/wp\/v2\/media?parent=16"}],"wp:term":[{"taxonomy":"category","embeddable":true,"href":"https:\/\/blogs.hoy.es\/migas-canas\/wp-json\/wp\/v2\/categories?post=16"},{"taxonomy":"post_tag","embeddable":true,"href":"https:\/\/blogs.hoy.es\/migas-canas\/wp-json\/wp\/v2\/tags?post=16"}],"curies":[{"name":"wp","href":"https:\/\/api.w.org\/{rel}","templated":true}]}}