{"id":1740,"date":"2022-03-04T17:28:00","date_gmt":"2022-03-04T16:28:00","guid":{"rendered":"https:\/\/blogs.hoy.es\/migas-canas\/?p=1740"},"modified":"2022-03-05T08:06:34","modified_gmt":"2022-03-05T07:06:34","slug":"jubilacion","status":"publish","type":"post","link":"https:\/\/blogs.hoy.es\/migas-canas\/2022\/03\/04\/jubilacion\/","title":{"rendered":"JUBILACI\u00d3N"},"content":{"rendered":"<p>&nbsp;<\/p>\n<p><a href=\"https:\/\/static-blogs.hoy.es\/wp-content\/uploads\/sites\/8\/2017\/05\/DSC04511-2.jpg\"><img loading=\"lazy\" class=\" wp-image-1118 aligncenter\" src=\"https:\/\/static-blogs.hoy.es\/wp-content\/uploads\/sites\/8\/2017\/05\/DSC04511-2-300x225.jpg\" alt=\"\" width=\"480\" height=\"360\" srcset=\"https:\/\/static-blogs.hoy.es\/wp-content\/uploads\/sites\/8\/2017\/05\/DSC04511-2-300x225.jpg 300w, https:\/\/static-blogs.hoy.es\/wp-content\/uploads\/sites\/8\/2017\/05\/DSC04511-2-768x576.jpg 768w, https:\/\/static-blogs.hoy.es\/wp-content\/uploads\/sites\/8\/2017\/05\/DSC04511-2.jpg 773w\" sizes=\"(max-width: 480px) 100vw, 480px\" \/><\/a><\/p>\n<p>Es temprano. Todav\u00eda es de noche. Tomo el primer caf\u00e9. Empieza a salir el sol. Enciendo el ordenador. Veo las fotos que hice el domingo. Me pongo a escribir sin ganas, a ducharme sin ganas, a salir de casa sin ganas. Cuando llegar\u00e1 el d\u00eda que \u00a0haga lo que me d\u00e9 la gana. Como otros espero la jubilaci\u00f3n para escribir libros, para pintar cuadros, para ir al gimnasio, para \u00a0apuntarme a la Universidad, para bailar con jubiladas o con alguna sin jubilar, para\u00a0 ir de excursi\u00f3n fuera de temporada a Benidorm\u00a0 a comer a Portugal un martes, \u00a0a ver teatro al L\u00f3pez \u00a0un mi\u00e9rcoles, asistir a una cata de jazz y vino un jueves sin tener que madrugar al d\u00eda siguiente pero\u2026 \u00bfCu\u00e1ntos a\u00f1os tendr\u00e9 cuando me jubile? Tendr\u00e9 ganas de hacer alguna actividad \u00a0o ir\u00e9 de la oficina o al hoyo \u00a0como fui de casa de mis padres al matrimonio. Esperamos \u00a0la jubilaci\u00f3n para empezar a vivir sin saber a qu\u00e9 edad nos vamos a jubilar, ni en qu\u00e9 condiciones f\u00edsicas ni econ\u00f3micas.<\/p>\n<p><a href=\"https:\/\/static-blogs.hoy.es\/wp-content\/uploads\/sites\/8\/2017\/05\/DSC01407-3.jpg\"><img loading=\"lazy\" class=\" wp-image-1121 aligncenter\" src=\"https:\/\/static-blogs.hoy.es\/wp-content\/uploads\/sites\/8\/2017\/05\/DSC01407-3-300x225.jpg\" alt=\"\" width=\"474\" height=\"355\" srcset=\"https:\/\/static-blogs.hoy.es\/wp-content\/uploads\/sites\/8\/2017\/05\/DSC01407-3-300x225.jpg 300w, https:\/\/static-blogs.hoy.es\/wp-content\/uploads\/sites\/8\/2017\/05\/DSC01407-3-768x576.jpg 768w, https:\/\/static-blogs.hoy.es\/wp-content\/uploads\/sites\/8\/2017\/05\/DSC01407-3-1024x768.jpg 1024w, https:\/\/static-blogs.hoy.es\/wp-content\/uploads\/sites\/8\/2017\/05\/DSC01407-3.jpg 1804w\" sizes=\"(max-width: 474px) 100vw, 474px\" \/><\/a><\/p>\n<p>Salgo a la calle. La calle est\u00e1 llena de gente. Una calle diferente a la de meses anteriores cuando solo se o\u00eda\u00a0 el silencio y el miedo. Un padre divorciado camina por la acera con sus hijos intentando entretenerlos sin \u00e9xito. Hay quien se toma el divorcio como una \u00a0modernidad, algo \u201ccool\u201d cuando es un fracaso, sobre todo con hijos; Veo a uno que l\u00eda un cigarro, cuando veo a alguien li\u00e1ndose un cigarro siempre recuerdo un San Francisco al que llam\u00e1bamos San Paco con el olor dulz\u00f3n a hach\u00eds y pachuli y la adrenalina de lo prohibido; Veo a un hombre por la Plaza Alta, que recita con un torrente de voz una mezcla de cosas ininteligible entre religiosas y mundanas mezclando Manrique, Machado y las Grecas; Veo un bar abierto, ya no entro en los bares; Una mujer guapa pasa a mi lado, ya no miro para atr\u00e1s, m\u00e1s por pudor que por ganas. La edad no camina paralela al deseo.<\/p>\n<p><a href=\"https:\/\/static-blogs.hoy.es\/wp-content\/uploads\/sites\/8\/2017\/05\/18387166_1519975788027114_763775167_n.jpg\"><img loading=\"lazy\" class=\" wp-image-1094 aligncenter\" src=\"https:\/\/static-blogs.hoy.es\/wp-content\/uploads\/sites\/8\/2017\/05\/18387166_1519975788027114_763775167_n-169x300.jpg\" alt=\"\" width=\"262\" height=\"465\" srcset=\"https:\/\/static-blogs.hoy.es\/wp-content\/uploads\/sites\/8\/2017\/05\/18387166_1519975788027114_763775167_n-169x300.jpg 169w, https:\/\/static-blogs.hoy.es\/wp-content\/uploads\/sites\/8\/2017\/05\/18387166_1519975788027114_763775167_n.jpg 270w\" sizes=\"(max-width: 262px) 100vw, 262px\" \/><\/a><\/p>\n<p>Veo a un trepa apunt\u00e1ndose a un partido pol\u00edtico, \u00bfa cu\u00e1l? Da igual, eso es lo de menos. Hasta puede que sea el que decida nuestra jubilaci\u00f3n, incluso confundi\u00e9ndose de bot\u00f3n. Veo Un \u00e1gil senderista sin palo, un pensionista con bast\u00f3n, un \u00a0compa\u00f1ero jubilado con andador.\u00a0 Encuentran un hombre muerto en su casa de San Fernando. Lo mismo a nosotros la muerte nos pilla trabajando mientras nuestros hijos todav\u00eda est\u00e1n en casa estudiando la oposici\u00f3n o mirando la estrella polar.<\/p>\n<!-- AddThis Advanced Settings generic via filter on the_content --><!-- AddThis Share Buttons generic via filter on the_content -->","protected":false},"excerpt":{"rendered":"<p>&nbsp; Es temprano. Todav\u00eda es de noche. Tomo el primer caf\u00e9. Empieza a salir el sol. Enciendo el ordenador. Veo las fotos que hice el domingo. Me pongo a escribir sin ganas, a ducharme sin ganas, a salir de casa sin ganas. Cuando llegar\u00e1 el d\u00eda que \u00a0haga lo que me d\u00e9 la gana. Como [&hellip;]<!-- AddThis Advanced Settings generic via filter on get_the_excerpt --><!-- AddThis Share Buttons generic via filter on get_the_excerpt --><\/p>\n","protected":false},"author":10,"featured_media":1284,"comment_status":"open","ping_status":"closed","sticky":false,"template":"","format":"standard","meta":[],"categories":[2],"tags":[1561,1547,1562,1525,649,1563,870],"_links":{"self":[{"href":"https:\/\/blogs.hoy.es\/migas-canas\/wp-json\/wp\/v2\/posts\/1740"}],"collection":[{"href":"https:\/\/blogs.hoy.es\/migas-canas\/wp-json\/wp\/v2\/posts"}],"about":[{"href":"https:\/\/blogs.hoy.es\/migas-canas\/wp-json\/wp\/v2\/types\/post"}],"author":[{"embeddable":true,"href":"https:\/\/blogs.hoy.es\/migas-canas\/wp-json\/wp\/v2\/users\/10"}],"replies":[{"embeddable":true,"href":"https:\/\/blogs.hoy.es\/migas-canas\/wp-json\/wp\/v2\/comments?post=1740"}],"version-history":[{"count":2,"href":"https:\/\/blogs.hoy.es\/migas-canas\/wp-json\/wp\/v2\/posts\/1740\/revisions"}],"predecessor-version":[{"id":1744,"href":"https:\/\/blogs.hoy.es\/migas-canas\/wp-json\/wp\/v2\/posts\/1740\/revisions\/1744"}],"wp:featuredmedia":[{"embeddable":true,"href":"https:\/\/blogs.hoy.es\/migas-canas\/wp-json\/wp\/v2\/media\/1284"}],"wp:attachment":[{"href":"https:\/\/blogs.hoy.es\/migas-canas\/wp-json\/wp\/v2\/media?parent=1740"}],"wp:term":[{"taxonomy":"category","embeddable":true,"href":"https:\/\/blogs.hoy.es\/migas-canas\/wp-json\/wp\/v2\/categories?post=1740"},{"taxonomy":"post_tag","embeddable":true,"href":"https:\/\/blogs.hoy.es\/migas-canas\/wp-json\/wp\/v2\/tags?post=1740"}],"curies":[{"name":"wp","href":"https:\/\/api.w.org\/{rel}","templated":true}]}}