{"id":1746,"date":"2022-03-18T18:06:38","date_gmt":"2022-03-18T17:06:38","guid":{"rendered":"https:\/\/blogs.hoy.es\/migas-canas\/?p=1746"},"modified":"2022-03-18T18:06:38","modified_gmt":"2022-03-18T17:06:38","slug":"de-badajoz-a-ucrania","status":"publish","type":"post","link":"https:\/\/blogs.hoy.es\/migas-canas\/2022\/03\/18\/de-badajoz-a-ucrania\/","title":{"rendered":"DE BADAJOZ A UCRANIA"},"content":{"rendered":"<p><a href=\"https:\/\/static-blogs.hoy.es\/wp-content\/uploads\/sites\/8\/2021\/10\/DSC09273.jpg\"><img loading=\"lazy\" class=\" wp-image-1680 aligncenter\" src=\"https:\/\/static-blogs.hoy.es\/wp-content\/uploads\/sites\/8\/2021\/10\/DSC09273-300x169.jpg\" alt=\"\" width=\"546\" height=\"307\" srcset=\"https:\/\/static-blogs.hoy.es\/wp-content\/uploads\/sites\/8\/2021\/10\/DSC09273-300x169.jpg 300w, https:\/\/static-blogs.hoy.es\/wp-content\/uploads\/sites\/8\/2021\/10\/DSC09273-768x432.jpg 768w, https:\/\/static-blogs.hoy.es\/wp-content\/uploads\/sites\/8\/2021\/10\/DSC09273-1024x576.jpg 1024w, https:\/\/static-blogs.hoy.es\/wp-content\/uploads\/sites\/8\/2021\/10\/DSC09273.jpg 1500w\" sizes=\"(max-width: 546px) 100vw, 546px\" \/><\/a><\/p>\n<p>&nbsp;<\/p>\n<p>Esta secci\u00f3n de Plaza Alta trata de Badajoz\u00a0 aunque ahora resulte dif\u00edcil escribir de Badajoz, de San Francisco, de Castelar, de Gragera, m\u00e1s dif\u00edcil escribir de Cabezas, de V\u00e9lez, de la de Podemos, Erika Cadenas. Resulta dif\u00edcil escribir de \u00a0bares, de San Roque, de San Fernando, de los Colorines imposible porque nunca he ido y de la barriada del Tulio a los que por fin \u00a0ha recibido el Alcalde. Es dif\u00edcil escribir de las tiendas de barrio, esas de Pardaleras que tanto me gustan: Ultramarinos Inmaculada, carnicer\u00eda Cerrato, la pescader\u00eda de Pepe, de la Droguer\u00eda Mel\u00ed, la Granja el Cruce de Inma donde compr\u00f3 la leche, el kiosco de \u00c1ngel donde compro el peri\u00f3dico. Es dif\u00edcil escribir de los fines de semana en el campo, del olor de la le\u00f1a ardiendo en la chimenea, no es tiempo de rom\u00e1nticos, aunque siempre habr\u00e1 por ah\u00ed alg\u00fan despistado. Es dif\u00edcil escribir del L\u00f3pez de Willy, hijo del l\u00e1tigo; de la fotograf\u00eda de Felix\u00a0 M\u00e9ndez; de la sala \u00c1rte Joven de Miguel Angel Gartzia; del Meiac; de los art\u00edculos de Pl\u00e1cido, de la vuelta de Francisco Caro los viernes a estas p\u00e1ginas; de los v\u00eddeos de Javier Lena en las redes; de las comuniones, bueno \u00a0de eso siempre es dif\u00edcil escribir o al menos entender tanto despilfarro. Es dif\u00edcil escribir una columna sobre Badajoz, sobre su gente, sus cotidianidades; sobre el Vuelo en la Palabra, el concurso literario de la feria del libro, sobre la dificultad de ser jurado aunque se lleve muchas a\u00f1os si\u00e9ndolo. Es dif\u00edcil concentrase en un art\u00edculo sobre Badajoz viendo la huelga de transportes, los estantes de Mercadona vac\u00edos, gasolineras con colas, agricultores con pancartas, la luz subiendo, los positivos en Covid tambi\u00e9n. Es dif\u00edcil escribir de Badajoz viendo c\u00f3mo se pierde \u00a0el sentido com\u00fan \u00a0con Guadalupe quitando veladores de la plaza, \u00a0Valdeca\u00f1as en el aire, un aire enrarecido como de calima incluso cuando no hay calima. Quiz\u00e1s para \u00a0la tristeza podamos recurrir al\u00a0 arte porque todav\u00eda nos quede el refugio de la literatura, del cine, de fotograf\u00edas que hablan, cuadros que emocionan, esculturas llenas de vida que nos dan vida<\/p>\n<p><a href=\"https:\/\/static-blogs.hoy.es\/wp-content\/uploads\/sites\/8\/2021\/12\/DSC05696.jpg\"><img loading=\"lazy\" class=\" wp-image-1699 aligncenter\" src=\"https:\/\/static-blogs.hoy.es\/wp-content\/uploads\/sites\/8\/2021\/12\/DSC05696-300x200.jpg\" alt=\"\" width=\"443\" height=\"295\" srcset=\"https:\/\/static-blogs.hoy.es\/wp-content\/uploads\/sites\/8\/2021\/12\/DSC05696-300x200.jpg 300w, https:\/\/static-blogs.hoy.es\/wp-content\/uploads\/sites\/8\/2021\/12\/DSC05696-768x512.jpg 768w, https:\/\/static-blogs.hoy.es\/wp-content\/uploads\/sites\/8\/2021\/12\/DSC05696-1024x683.jpg 1024w, https:\/\/static-blogs.hoy.es\/wp-content\/uploads\/sites\/8\/2021\/12\/DSC05696.jpg 1500w\" sizes=\"(max-width: 443px) 100vw, 443px\" \/><\/a><\/p>\n<p>&nbsp;<\/p>\n<p>Es dif\u00edcil escribir sobre Badajoz cuando tenemos en la cabeza Ucrania, es dif\u00edcil escribir cuando\u00a0 vivimos\u00a0 pendientes de una mente fr\u00eda, calculadora, probablemente enfermiza, una mente asesina que tiene en vilo al mundo y que hace cuestionar hasta a los m\u00e1s pac\u00edficos el tiro en la frente y la pena de muerte.<\/p>\n<!-- AddThis Advanced Settings generic via filter on the_content --><!-- AddThis Share Buttons generic via filter on the_content -->","protected":false},"excerpt":{"rendered":"<p>&nbsp; Esta secci\u00f3n de Plaza Alta trata de Badajoz\u00a0 aunque ahora resulte dif\u00edcil escribir de Badajoz, de San Francisco, de Castelar, de Gragera, m\u00e1s dif\u00edcil escribir de Cabezas, de V\u00e9lez, de la de Podemos, Erika Cadenas. Resulta dif\u00edcil escribir de \u00a0bares, de San Roque, de San Fernando, de los Colorines imposible porque nunca he ido [&hellip;]<!-- AddThis Advanced Settings generic via filter on get_the_excerpt --><!-- AddThis Share Buttons generic via filter on get_the_excerpt --><\/p>\n","protected":false},"author":10,"featured_media":1284,"comment_status":"open","ping_status":"closed","sticky":false,"template":"","format":"standard","meta":[],"categories":[2],"tags":[1572,1565,1361,1569,1570,1567,1573,1564,1514,1447,1446,897,1574,1568,1566,1571],"_links":{"self":[{"href":"https:\/\/blogs.hoy.es\/migas-canas\/wp-json\/wp\/v2\/posts\/1746"}],"collection":[{"href":"https:\/\/blogs.hoy.es\/migas-canas\/wp-json\/wp\/v2\/posts"}],"about":[{"href":"https:\/\/blogs.hoy.es\/migas-canas\/wp-json\/wp\/v2\/types\/post"}],"author":[{"embeddable":true,"href":"https:\/\/blogs.hoy.es\/migas-canas\/wp-json\/wp\/v2\/users\/10"}],"replies":[{"embeddable":true,"href":"https:\/\/blogs.hoy.es\/migas-canas\/wp-json\/wp\/v2\/comments?post=1746"}],"version-history":[{"count":1,"href":"https:\/\/blogs.hoy.es\/migas-canas\/wp-json\/wp\/v2\/posts\/1746\/revisions"}],"predecessor-version":[{"id":1747,"href":"https:\/\/blogs.hoy.es\/migas-canas\/wp-json\/wp\/v2\/posts\/1746\/revisions\/1747"}],"wp:featuredmedia":[{"embeddable":true,"href":"https:\/\/blogs.hoy.es\/migas-canas\/wp-json\/wp\/v2\/media\/1284"}],"wp:attachment":[{"href":"https:\/\/blogs.hoy.es\/migas-canas\/wp-json\/wp\/v2\/media?parent=1746"}],"wp:term":[{"taxonomy":"category","embeddable":true,"href":"https:\/\/blogs.hoy.es\/migas-canas\/wp-json\/wp\/v2\/categories?post=1746"},{"taxonomy":"post_tag","embeddable":true,"href":"https:\/\/blogs.hoy.es\/migas-canas\/wp-json\/wp\/v2\/tags?post=1746"}],"curies":[{"name":"wp","href":"https:\/\/api.w.org\/{rel}","templated":true}]}}