{"id":1749,"date":"2022-04-11T16:29:31","date_gmt":"2022-04-11T15:29:31","guid":{"rendered":"https:\/\/blogs.hoy.es\/migas-canas\/?p=1749"},"modified":"2022-04-11T16:35:02","modified_gmt":"2022-04-11T15:35:02","slug":"colas","status":"publish","type":"post","link":"https:\/\/blogs.hoy.es\/migas-canas\/2022\/04\/11\/colas\/","title":{"rendered":"COLAS"},"content":{"rendered":"<p><a href=\"https:\/\/static-blogs.hoy.es\/wp-content\/uploads\/sites\/8\/2018\/06\/DSC06334-2.jpg\"><img loading=\"lazy\" class=\"alignnone size-medium wp-image-1324\" src=\"https:\/\/static-blogs.hoy.es\/wp-content\/uploads\/sites\/8\/2018\/06\/DSC06334-2-300x200.jpg\" alt=\"\" width=\"300\" height=\"200\" srcset=\"https:\/\/static-blogs.hoy.es\/wp-content\/uploads\/sites\/8\/2018\/06\/DSC06334-2-300x200.jpg 300w, https:\/\/static-blogs.hoy.es\/wp-content\/uploads\/sites\/8\/2018\/06\/DSC06334-2-768x511.jpg 768w, https:\/\/static-blogs.hoy.es\/wp-content\/uploads\/sites\/8\/2018\/06\/DSC06334-2-1024x682.jpg 1024w, https:\/\/static-blogs.hoy.es\/wp-content\/uploads\/sites\/8\/2018\/06\/DSC06334-2.jpg 1364w\" sizes=\"(max-width: 300px) 100vw, 300px\" \/><\/a><\/p>\n<p>&nbsp;<\/p>\n<p>&nbsp;<\/p>\n<p><a href=\"https:\/\/static-blogs.hoy.es\/wp-content\/uploads\/sites\/8\/2020\/11\/DSC02630-2.jpg\"><img loading=\"lazy\" class=\" wp-image-1602 aligncenter\" src=\"https:\/\/static-blogs.hoy.es\/wp-content\/uploads\/sites\/8\/2020\/11\/DSC02630-2-300x200.jpg\" alt=\"\" width=\"589\" height=\"392\" srcset=\"https:\/\/static-blogs.hoy.es\/wp-content\/uploads\/sites\/8\/2020\/11\/DSC02630-2-300x200.jpg 300w, https:\/\/static-blogs.hoy.es\/wp-content\/uploads\/sites\/8\/2020\/11\/DSC02630-2-768x512.jpg 768w, https:\/\/static-blogs.hoy.es\/wp-content\/uploads\/sites\/8\/2020\/11\/DSC02630-2-1024x683.jpg 1024w, https:\/\/static-blogs.hoy.es\/wp-content\/uploads\/sites\/8\/2020\/11\/DSC02630-2.jpg 1050w\" sizes=\"(max-width: 589px) 100vw, 589px\" \/><\/a><\/p>\n<p>&nbsp;<\/p>\n<p>Este a\u00f1o abril llega sin poes\u00eda. Un abril con el dolor inquietante de la guerra. Un abril de colas. Colas en \u00a0corredores humanitarios que facilitan\u00a0 que miles de personas dejen sus casas bombardeadas por las decisiones de pol\u00edticos sin alma. Colas\u00a0 en las gasolineras para ahorrar algo en estos tiempos oscuros donde cada d\u00eda las cosas son m\u00e1s caras y los sueldos m\u00e1s cortos. Colas en los lavaderos de coches para limpiar una calima rara, quiz\u00e1s asociada al cambio clim\u00e1tico. Domingos de colas en los negocios de los pollos asados. El \u00fanico capricho que se permiten algunos despu\u00e9s de trabajar durante toda la semana, el que m\u00e1s horas trabaja es el que menos cobra. Y una palabra nueva para un enga\u00f1o legal \u201creduflaci\u00f3n\u201d mismo envase, mismo precio, pero menos cantidad en el interior. Llega el periodo de impuestos. Rodaje del coche, el ibi, la declaraci\u00f3n de la renta, algunos tienen el \u00a0a\u00f1adido de la comuni\u00f3n. En la religi\u00f3n de la pobreza se celebra el inicio de la eucarist\u00eda con despilfarro. Todos los padres participan, los que pueden y los que no.\u00a0 Si es necesario se endeudan con un pr\u00e9stamo o se quedan sin vacaciones para que sus hijos no sean menos que los dem\u00e1s. Trajes, adornos, restaurantes, fotograf\u00edas a precio de obra de arte. Valor y precio en arte es algo dif\u00edcil de tasar, de entender.\u00a0 En Arcos se expon\u00edan una obra compuesta por una coliflor, un pl\u00e1tano, un racimo de uvas por 8.000 euros.<\/p>\n<p>.<\/p>\n<p><a href=\"https:\/\/static-blogs.hoy.es\/wp-content\/uploads\/sites\/8\/2021\/05\/DSC00689.jpg\"><img loading=\"lazy\" class=\" wp-image-1654 aligncenter\" src=\"https:\/\/static-blogs.hoy.es\/wp-content\/uploads\/sites\/8\/2021\/05\/DSC00689-300x200.jpg\" alt=\"\" width=\"583\" height=\"388\" srcset=\"https:\/\/static-blogs.hoy.es\/wp-content\/uploads\/sites\/8\/2021\/05\/DSC00689-300x200.jpg 300w, https:\/\/static-blogs.hoy.es\/wp-content\/uploads\/sites\/8\/2021\/05\/DSC00689-768x512.jpg 768w, https:\/\/static-blogs.hoy.es\/wp-content\/uploads\/sites\/8\/2021\/05\/DSC00689-1024x683.jpg 1024w, https:\/\/static-blogs.hoy.es\/wp-content\/uploads\/sites\/8\/2021\/05\/DSC00689.jpg 1500w\" sizes=\"(max-width: 583px) 100vw, 583px\" \/><\/a><\/p>\n<p>&nbsp;<\/p>\n<p>Abril con colas en los cajeros de los bancos, porque dentro ya no quedan trabajadores para atender, solo est\u00e1n en sus despachos los cargos directivos estudiando la manera obtener m\u00e1s beneficio. Vamos a tener que volver a cobrar en mano como aquellos\u00a0 veranos de los 80 en los\u00a0 que trabajaba cogiendo\u00a0 fruta y donde pagaban \u00a0los s\u00e1bados en met\u00e1lico. El manigero se sub\u00eda al remolque del tractor, nos iba nombrando uno a uno para darnos el sobre con el sueldo.<\/p>\n<p>&nbsp;<\/p>\n<p><a href=\"https:\/\/static-blogs.hoy.es\/wp-content\/uploads\/sites\/8\/2020\/05\/DSC04362-2.jpg\"><img loading=\"lazy\" class=\" wp-image-1565 aligncenter\" src=\"https:\/\/static-blogs.hoy.es\/wp-content\/uploads\/sites\/8\/2020\/05\/DSC04362-2-300x200.jpg\" alt=\"\" width=\"476\" height=\"317\" srcset=\"https:\/\/static-blogs.hoy.es\/wp-content\/uploads\/sites\/8\/2020\/05\/DSC04362-2-300x200.jpg 300w, https:\/\/static-blogs.hoy.es\/wp-content\/uploads\/sites\/8\/2020\/05\/DSC04362-2-768x512.jpg 768w, https:\/\/static-blogs.hoy.es\/wp-content\/uploads\/sites\/8\/2020\/05\/DSC04362-2-1024x683.jpg 1024w, https:\/\/static-blogs.hoy.es\/wp-content\/uploads\/sites\/8\/2020\/05\/DSC04362-2.jpg 1800w\" sizes=\"(max-width: 476px) 100vw, 476px\" \/><\/a><\/p>\n<p>En este abril tambi\u00e9n se ha acabado el Covid. Nos acostamos un domingo con \u00e9l virus pululando por todas partes y\u00a0 al d\u00eda siguiente hab\u00eda desaparecido de nuestras vidas, ya no hab\u00eda confinamientos, ni test de ant\u00edgenos, ni bajas laborales\u2026<\/p>\n<p>&nbsp;<\/p>\n<p><a href=\"https:\/\/static-blogs.hoy.es\/wp-content\/uploads\/sites\/8\/2018\/06\/DSC06334-2.jpg\"><img loading=\"lazy\" class=\" wp-image-1324 aligncenter\" src=\"https:\/\/static-blogs.hoy.es\/wp-content\/uploads\/sites\/8\/2018\/06\/DSC06334-2-300x200.jpg\" alt=\"\" width=\"597\" height=\"399\" srcset=\"https:\/\/static-blogs.hoy.es\/wp-content\/uploads\/sites\/8\/2018\/06\/DSC06334-2-300x200.jpg 300w, https:\/\/static-blogs.hoy.es\/wp-content\/uploads\/sites\/8\/2018\/06\/DSC06334-2-1024x682.jpg 1024w\" sizes=\"(max-width: 597px) 100vw, 597px\" \/><\/a><\/p>\n<p>&nbsp;<\/p>\n<p>Colas en abril, flores en los campos, amapolas y margaritas vuelve a salir para poner sabor a un mes colorido que este a\u00f1o se presenta en blanco y negro. Un abril que duele en los ojos, en el alma y en los bolsillos. Un abril donde el mar y la monta\u00f1a vuelven a quedar lejos.<\/p>\n<!-- AddThis Advanced Settings generic via filter on the_content --><!-- AddThis Share Buttons generic via filter on the_content -->","protected":false},"excerpt":{"rendered":"<p>&nbsp; &nbsp; &nbsp; Este a\u00f1o abril llega sin poes\u00eda. Un abril con el dolor inquietante de la guerra. Un abril de colas. Colas en \u00a0corredores humanitarios que facilitan\u00a0 que miles de personas dejen sus casas bombardeadas por las decisiones de pol\u00edticos sin alma. Colas\u00a0 en las gasolineras para ahorrar algo en estos tiempos oscuros donde [&hellip;]<!-- AddThis Advanced Settings generic via filter on get_the_excerpt --><!-- AddThis Share Buttons generic via filter on get_the_excerpt --><\/p>\n","protected":false},"author":10,"featured_media":1284,"comment_status":"open","ping_status":"closed","sticky":false,"template":"","format":"standard","meta":[],"categories":[2],"tags":[1136,1576,1575,1579,509,1165,1578,1577,921,1581,1580],"_links":{"self":[{"href":"https:\/\/blogs.hoy.es\/migas-canas\/wp-json\/wp\/v2\/posts\/1749"}],"collection":[{"href":"https:\/\/blogs.hoy.es\/migas-canas\/wp-json\/wp\/v2\/posts"}],"about":[{"href":"https:\/\/blogs.hoy.es\/migas-canas\/wp-json\/wp\/v2\/types\/post"}],"author":[{"embeddable":true,"href":"https:\/\/blogs.hoy.es\/migas-canas\/wp-json\/wp\/v2\/users\/10"}],"replies":[{"embeddable":true,"href":"https:\/\/blogs.hoy.es\/migas-canas\/wp-json\/wp\/v2\/comments?post=1749"}],"version-history":[{"count":3,"href":"https:\/\/blogs.hoy.es\/migas-canas\/wp-json\/wp\/v2\/posts\/1749\/revisions"}],"predecessor-version":[{"id":1752,"href":"https:\/\/blogs.hoy.es\/migas-canas\/wp-json\/wp\/v2\/posts\/1749\/revisions\/1752"}],"wp:featuredmedia":[{"embeddable":true,"href":"https:\/\/blogs.hoy.es\/migas-canas\/wp-json\/wp\/v2\/media\/1284"}],"wp:attachment":[{"href":"https:\/\/blogs.hoy.es\/migas-canas\/wp-json\/wp\/v2\/media?parent=1749"}],"wp:term":[{"taxonomy":"category","embeddable":true,"href":"https:\/\/blogs.hoy.es\/migas-canas\/wp-json\/wp\/v2\/categories?post=1749"},{"taxonomy":"post_tag","embeddable":true,"href":"https:\/\/blogs.hoy.es\/migas-canas\/wp-json\/wp\/v2\/tags?post=1749"}],"curies":[{"name":"wp","href":"https:\/\/api.w.org\/{rel}","templated":true}]}}