{"id":1754,"date":"2022-04-28T20:25:22","date_gmt":"2022-04-28T19:25:22","guid":{"rendered":"https:\/\/blogs.hoy.es\/migas-canas\/?p=1754"},"modified":"2022-04-28T20:25:22","modified_gmt":"2022-04-28T19:25:22","slug":"el-9","status":"publish","type":"post","link":"https:\/\/blogs.hoy.es\/migas-canas\/2022\/04\/28\/el-9\/","title":{"rendered":"EL 9"},"content":{"rendered":"<p>&nbsp;<\/p>\n<p><a href=\"https:\/\/static-blogs.hoy.es\/wp-content\/uploads\/sites\/8\/2018\/08\/DSCN1513-3.jpg\"><img loading=\"lazy\" class=\" wp-image-1346 aligncenter\" src=\"https:\/\/static-blogs.hoy.es\/wp-content\/uploads\/sites\/8\/2018\/08\/DSCN1513-3-300x225.jpg\" alt=\"\" width=\"531\" height=\"398\" srcset=\"https:\/\/static-blogs.hoy.es\/wp-content\/uploads\/sites\/8\/2018\/08\/DSCN1513-3-300x225.jpg 300w, https:\/\/static-blogs.hoy.es\/wp-content\/uploads\/sites\/8\/2018\/08\/DSCN1513-3.jpg 727w\" sizes=\"(max-width: 531px) 100vw, 531px\" \/><\/a><\/p>\n<p>No pod\u00eda imaginar que tres d\u00edas despu\u00e9s de que mi coche dejar\u00e1 de funcionar estar\u00eda montado por primera vez en un autob\u00fas urbano camino del Faro, un lugar que no frecuento pero al que ese d\u00eda no me quedaba m\u00e1s remedio que ir.<\/p>\n<p><a href=\"https:\/\/static-blogs.hoy.es\/wp-content\/uploads\/sites\/8\/2021\/05\/DSC07340-6.jpg\"><img loading=\"lazy\" class=\" wp-image-1649 aligncenter\" src=\"https:\/\/static-blogs.hoy.es\/wp-content\/uploads\/sites\/8\/2021\/05\/DSC07340-6-300x200.jpg\" alt=\"\" width=\"533\" height=\"356\" srcset=\"https:\/\/static-blogs.hoy.es\/wp-content\/uploads\/sites\/8\/2021\/05\/DSC07340-6-300x200.jpg 300w, https:\/\/static-blogs.hoy.es\/wp-content\/uploads\/sites\/8\/2021\/05\/DSC07340-6-768x511.jpg 768w, https:\/\/static-blogs.hoy.es\/wp-content\/uploads\/sites\/8\/2021\/05\/DSC07340-6-1024x682.jpg 1024w, https:\/\/static-blogs.hoy.es\/wp-content\/uploads\/sites\/8\/2021\/05\/DSC07340-6.jpg 1329w\" sizes=\"(max-width: 533px) 100vw, 533px\" \/><\/a><\/p>\n<p>&nbsp;<\/p>\n<p>Esper\u00e9 a la gr\u00faa aquel Viernes Santo soleado con mi cu\u00f1ado. Todas las desgracias pasan cuando tienes al cu\u00f1ado como testigo para que luego pueda revivir en navidad la haza\u00f1a a grandes carcajadas delante de toda la familia, haciendo chiste de \u00a0esos momentos\u00a0 de apuros en los que no encuentras el n\u00famero de tel\u00e9fono del \u00a0seguro, tampoco los tri\u00e1ngulos y mucho menos el chaleco reflectante, mientras el coche se bamboleaba\u00a0 en una cuneta al paso de otros coches que van a \u00a0todo trapo en una de las bajadas \u00a0del Miravete.<\/p>\n<p><a href=\"https:\/\/static-blogs.hoy.es\/wp-content\/uploads\/sites\/8\/2020\/01\/DSC00288-2.jpg\"><img loading=\"lazy\" class=\" wp-image-1509 aligncenter\" src=\"https:\/\/static-blogs.hoy.es\/wp-content\/uploads\/sites\/8\/2020\/01\/DSC00288-2-300x200.jpg\" alt=\"\" width=\"525\" height=\"350\" srcset=\"https:\/\/static-blogs.hoy.es\/wp-content\/uploads\/sites\/8\/2020\/01\/DSC00288-2-300x200.jpg 300w, https:\/\/static-blogs.hoy.es\/wp-content\/uploads\/sites\/8\/2020\/01\/DSC00288-2-768x512.jpg 768w, https:\/\/static-blogs.hoy.es\/wp-content\/uploads\/sites\/8\/2020\/01\/DSC00288-2-1024x683.jpg 1024w, https:\/\/static-blogs.hoy.es\/wp-content\/uploads\/sites\/8\/2020\/01\/DSC00288-2.jpg 1260w\" sizes=\"(max-width: 525px) 100vw, 525px\" \/><\/a><\/p>\n<p>&nbsp;<\/p>\n<p>Tres d\u00edas despu\u00e9s, acostumbr\u00e1ndome a mi nueva normalidad sin coche, sub\u00ed al \u00a0autob\u00fas\u00a0 n\u00famero 9, \u00a0desde ahora el 9, al que estoy seguro que volver\u00e9 a nombrar si no aqu\u00ed en pr\u00f3ximos art\u00edculos. \u00a0Lo cog\u00ed \u00a0en la Avenida Fernando Calzadilla, frente a la librer\u00eda \u00a0Paule, \u00a0me cobraron 1,20, que es lo que cobran a todos, no fue precio de primerizo como creo que me est\u00e1n haciendo\u00a0 con otras cosas que de momento callo.<\/p>\n<p><a href=\"https:\/\/static-blogs.hoy.es\/wp-content\/uploads\/sites\/8\/2019\/03\/DSC09354-2.jpg\"><img loading=\"lazy\" class=\" wp-image-1395 aligncenter\" src=\"https:\/\/static-blogs.hoy.es\/wp-content\/uploads\/sites\/8\/2019\/03\/DSC09354-2-300x200.jpg\" alt=\"\" width=\"552\" height=\"367\" srcset=\"https:\/\/static-blogs.hoy.es\/wp-content\/uploads\/sites\/8\/2019\/03\/DSC09354-2-300x200.jpg 300w, https:\/\/static-blogs.hoy.es\/wp-content\/uploads\/sites\/8\/2019\/03\/DSC09354-2.jpg 682w\" sizes=\"(max-width: 552px) 100vw, 552px\" \/><\/a><\/p>\n<p>&nbsp;<\/p>\n<p>El autob\u00fas es entretenido, conduce otro y puedes mirar por la ventanilla y ver la ciudad desde el interior. \u00a1Mira!, por ah\u00ed va el cronista de Badajoz fumando en pipa o pensando en el pr\u00f3ximo art\u00edculo; ese de la zancada larga es Cavacasillas, \u00a0parece que lleva prisa por llegar, no s\u00e9 d\u00f3nde, quiz\u00e1s al sill\u00f3n de alcalde.<\/p>\n<p>Cada poco \u00a0hay una parada, la gente sube y baja, el veh\u00edculo se llena y vac\u00eda, se llena y vac\u00eda. En el autob\u00fas viajan estudiantes, el veh\u00edculo entra en el campus universitario, pasa por la facultad de econ\u00f3micas donde me examine \u00a0de las oposiciones. Anda que si me pilla ahora me hubiera hecho funcionario. De la frase \u00a0\u201cun sueldito para toda la vida\u201d, que bien estaba colocado el diminutivo sueldito. Cada vez que escribo algo que suena a reproche pienso en Ucrania y en como tengo \u00a0valor de quejarme viendo c\u00f3mo anda el mundo.<\/p>\n<p>&nbsp;<\/p>\n<p><a href=\"https:\/\/static-blogs.hoy.es\/wp-content\/uploads\/sites\/8\/2019\/03\/DSC09298-2.jpg\"><img loading=\"lazy\" class=\" wp-image-1397 aligncenter\" src=\"https:\/\/static-blogs.hoy.es\/wp-content\/uploads\/sites\/8\/2019\/03\/DSC09298-2-300x200.jpg\" alt=\"\" width=\"513\" height=\"343\" srcset=\"https:\/\/static-blogs.hoy.es\/wp-content\/uploads\/sites\/8\/2019\/03\/DSC09298-2-300x200.jpg 300w, https:\/\/static-blogs.hoy.es\/wp-content\/uploads\/sites\/8\/2019\/03\/DSC09298-2.jpg 546w\" sizes=\"(max-width: 513px) 100vw, 513px\" \/><\/a><\/p>\n<p>El autob\u00fas entra para dejar gente en el Hospital \u00a0con citas en la mano y la \u00a0cara de angustia que sale cada vez que asistimos a una consulta donde te pueden decir si o no, maligno o benigno. Sube \u00a0una persona de mirada triste que va sola y que lleva una de esas bolsas que dan \u00a0para guardar la ropa de los \u00a0ingresados.<\/p>\n<p><a href=\"https:\/\/static-blogs.hoy.es\/wp-content\/uploads\/sites\/8\/2018\/08\/itv-2.jpg\"><img loading=\"lazy\" class=\" wp-image-1345 aligncenter\" src=\"https:\/\/static-blogs.hoy.es\/wp-content\/uploads\/sites\/8\/2018\/08\/itv-2-300x187.jpg\" alt=\"\" width=\"674\" height=\"419\" srcset=\"https:\/\/static-blogs.hoy.es\/wp-content\/uploads\/sites\/8\/2018\/08\/itv-2-300x187.jpg 300w, https:\/\/static-blogs.hoy.es\/wp-content\/uploads\/sites\/8\/2018\/08\/itv-2.jpg 376w\" sizes=\"(max-width: 674px) 100vw, 674px\" \/><\/a><\/p>\n<p>&nbsp;<\/p>\n<p>Estudiantes, enfermos, ociosos, Todos se concentran en el interior de un autob\u00fas urbano con destino al Faro. Es el n\u00famero 9. Volver\u00e9 a subir para contarlo.<\/p>\n<!-- AddThis Advanced Settings generic via filter on the_content --><!-- AddThis Share Buttons generic via filter on the_content -->","protected":false},"excerpt":{"rendered":"<p>&nbsp; No pod\u00eda imaginar que tres d\u00edas despu\u00e9s de que mi coche dejar\u00e1 de funcionar estar\u00eda montado por primera vez en un autob\u00fas urbano camino del Faro, un lugar que no frecuento pero al que ese d\u00eda no me quedaba m\u00e1s remedio que ir. &nbsp; Esper\u00e9 a la gr\u00faa aquel Viernes Santo soleado con mi [&hellip;]<!-- AddThis Advanced Settings generic via filter on get_the_excerpt --><!-- AddThis Share Buttons generic via filter on get_the_excerpt --><\/p>\n","protected":false},"author":10,"featured_media":1284,"comment_status":"open","ping_status":"closed","sticky":false,"template":"","format":"standard","meta":[],"categories":[2],"tags":[1589,1586,1587,1585,330,1583,1588,1584,1495,1574,1582],"_links":{"self":[{"href":"https:\/\/blogs.hoy.es\/migas-canas\/wp-json\/wp\/v2\/posts\/1754"}],"collection":[{"href":"https:\/\/blogs.hoy.es\/migas-canas\/wp-json\/wp\/v2\/posts"}],"about":[{"href":"https:\/\/blogs.hoy.es\/migas-canas\/wp-json\/wp\/v2\/types\/post"}],"author":[{"embeddable":true,"href":"https:\/\/blogs.hoy.es\/migas-canas\/wp-json\/wp\/v2\/users\/10"}],"replies":[{"embeddable":true,"href":"https:\/\/blogs.hoy.es\/migas-canas\/wp-json\/wp\/v2\/comments?post=1754"}],"version-history":[{"count":1,"href":"https:\/\/blogs.hoy.es\/migas-canas\/wp-json\/wp\/v2\/posts\/1754\/revisions"}],"predecessor-version":[{"id":1756,"href":"https:\/\/blogs.hoy.es\/migas-canas\/wp-json\/wp\/v2\/posts\/1754\/revisions\/1756"}],"wp:featuredmedia":[{"embeddable":true,"href":"https:\/\/blogs.hoy.es\/migas-canas\/wp-json\/wp\/v2\/media\/1284"}],"wp:attachment":[{"href":"https:\/\/blogs.hoy.es\/migas-canas\/wp-json\/wp\/v2\/media?parent=1754"}],"wp:term":[{"taxonomy":"category","embeddable":true,"href":"https:\/\/blogs.hoy.es\/migas-canas\/wp-json\/wp\/v2\/categories?post=1754"},{"taxonomy":"post_tag","embeddable":true,"href":"https:\/\/blogs.hoy.es\/migas-canas\/wp-json\/wp\/v2\/tags?post=1754"}],"curies":[{"name":"wp","href":"https:\/\/api.w.org\/{rel}","templated":true}]}}