{"id":1760,"date":"2022-05-21T19:00:02","date_gmt":"2022-05-21T18:00:02","guid":{"rendered":"https:\/\/blogs.hoy.es\/migas-canas\/?p=1760"},"modified":"2022-05-21T19:00:02","modified_gmt":"2022-05-21T18:00:02","slug":"atardecer-2","status":"publish","type":"post","link":"https:\/\/blogs.hoy.es\/migas-canas\/2022\/05\/21\/atardecer-2\/","title":{"rendered":"ATARDECER"},"content":{"rendered":"<p><a href=\"https:\/\/static-blogs.hoy.es\/wp-content\/uploads\/sites\/8\/2019\/03\/DSC08398-2.jpg\"><img loading=\"lazy\" class=\" wp-image-1406 aligncenter\" src=\"https:\/\/static-blogs.hoy.es\/wp-content\/uploads\/sites\/8\/2019\/03\/DSC08398-2-300x200.jpg\" alt=\"\" width=\"563\" height=\"375\" srcset=\"https:\/\/static-blogs.hoy.es\/wp-content\/uploads\/sites\/8\/2019\/03\/DSC08398-2-300x200.jpg 300w, https:\/\/static-blogs.hoy.es\/wp-content\/uploads\/sites\/8\/2019\/03\/DSC08398-2-768x511.jpg 768w, https:\/\/static-blogs.hoy.es\/wp-content\/uploads\/sites\/8\/2019\/03\/DSC08398-2.jpg 798w\" sizes=\"(max-width: 563px) 100vw, 563px\" \/><\/a><\/p>\n<p>&nbsp;<\/p>\n<p>Es s\u00e1bado. Sab\u00eda que ma\u00f1ana era festivo y que luego llegar\u00eda el domingo por la tarde con sus inc\u00f3modos fantasmas de remordimientos injustificados, aunque hoy solo quiero pensar que es s\u00e1bado. Me hab\u00eda cepillado los dientes con crema fresca despu\u00e9s de utilizar el hilo dental. Me \u00a0hab\u00eda embadurnado en colonia de ba\u00f1o de \u00c1lvarez G\u00f3mez para rematar con unas gotas de chanel. Tengo licencia para ponerme toda la colonia y perfume del mundo, despu\u00e9s de que el \u00a0covid hubiera deteriorado mi fino olfato. Luego me puse los mejores trapos del armario, esos \u00a0que se ajustaban a mi cuerpo mostrando todo el deseo acumulado de meses. Hab\u00eda limpiado los botines con el cepillo, le hab\u00eda dado brillo. Me puse\u00a0 \u00a0los calcetines de rayas horizontales rojas y negras, ol\u00edan a suavizante de pino y s\u00e1ndalo de incienso. Se aproximaba la hora m\u00e1gica de salir de casa para verla, para ver su despedida, para que decenas de c\u00e1maras les dijeran adi\u00f3s con un clip mudo, quedando grabado su color naranja en las\u00a0 retinas y los aparatos. La belleza, la belleza del adi\u00f3s reflejada en los tramos del agua que todav\u00eda resist\u00edan como guerreros valientes a la invasi\u00f3n del nen\u00fafar enemigo. Ese momento corto, como un espasmo, como un orgasmo adolescente. Ese momento de \u00e9xtasis que dura lo que cada uno quiere que dure y que luego me devuelve a mi lado de la cama para encender un cigarro\u00a0 tendido en silencio mirando el techo, mientras escarbo con mis u\u00f1as \u00a0su piel de mujer. Qu\u00e9 s\u00e1bados tan diferentes aquellos en los que te busque entre los vasos de la barra y nunca estabas.<a href=\"https:\/\/static-blogs.hoy.es\/wp-content\/uploads\/sites\/8\/2019\/03\/DSC08398-2.jpg\"><img loading=\"lazy\" class=\"alignnone size-medium wp-image-1406\" src=\"https:\/\/static-blogs.hoy.es\/wp-content\/uploads\/sites\/8\/2019\/03\/DSC08398-2-300x200.jpg\" alt=\"\" width=\"300\" height=\"200\" srcset=\"https:\/\/static-blogs.hoy.es\/wp-content\/uploads\/sites\/8\/2019\/03\/DSC08398-2-300x200.jpg 300w, https:\/\/static-blogs.hoy.es\/wp-content\/uploads\/sites\/8\/2019\/03\/DSC08398-2-768x511.jpg 768w, https:\/\/static-blogs.hoy.es\/wp-content\/uploads\/sites\/8\/2019\/03\/DSC08398-2.jpg 798w\" sizes=\"(max-width: 300px) 100vw, 300px\" \/><\/a><\/p>\n<!-- AddThis Advanced Settings generic via filter on the_content --><!-- AddThis Share Buttons generic via filter on the_content -->","protected":false},"excerpt":{"rendered":"<p>&nbsp; Es s\u00e1bado. Sab\u00eda que ma\u00f1ana era festivo y que luego llegar\u00eda el domingo por la tarde con sus inc\u00f3modos fantasmas de remordimientos injustificados, aunque hoy solo quiero pensar que es s\u00e1bado. Me hab\u00eda cepillado los dientes con crema fresca despu\u00e9s de utilizar el hilo dental. Me \u00a0hab\u00eda embadurnado en colonia de ba\u00f1o de \u00c1lvarez [&hellip;]<!-- AddThis Advanced Settings generic via filter on get_the_excerpt --><!-- AddThis Share Buttons generic via filter on get_the_excerpt --><\/p>\n","protected":false},"author":10,"featured_media":1284,"comment_status":"open","ping_status":"closed","sticky":false,"template":"","format":"standard","meta":[],"categories":[3],"tags":[1590],"_links":{"self":[{"href":"https:\/\/blogs.hoy.es\/migas-canas\/wp-json\/wp\/v2\/posts\/1760"}],"collection":[{"href":"https:\/\/blogs.hoy.es\/migas-canas\/wp-json\/wp\/v2\/posts"}],"about":[{"href":"https:\/\/blogs.hoy.es\/migas-canas\/wp-json\/wp\/v2\/types\/post"}],"author":[{"embeddable":true,"href":"https:\/\/blogs.hoy.es\/migas-canas\/wp-json\/wp\/v2\/users\/10"}],"replies":[{"embeddable":true,"href":"https:\/\/blogs.hoy.es\/migas-canas\/wp-json\/wp\/v2\/comments?post=1760"}],"version-history":[{"count":1,"href":"https:\/\/blogs.hoy.es\/migas-canas\/wp-json\/wp\/v2\/posts\/1760\/revisions"}],"predecessor-version":[{"id":1761,"href":"https:\/\/blogs.hoy.es\/migas-canas\/wp-json\/wp\/v2\/posts\/1760\/revisions\/1761"}],"wp:featuredmedia":[{"embeddable":true,"href":"https:\/\/blogs.hoy.es\/migas-canas\/wp-json\/wp\/v2\/media\/1284"}],"wp:attachment":[{"href":"https:\/\/blogs.hoy.es\/migas-canas\/wp-json\/wp\/v2\/media?parent=1760"}],"wp:term":[{"taxonomy":"category","embeddable":true,"href":"https:\/\/blogs.hoy.es\/migas-canas\/wp-json\/wp\/v2\/categories?post=1760"},{"taxonomy":"post_tag","embeddable":true,"href":"https:\/\/blogs.hoy.es\/migas-canas\/wp-json\/wp\/v2\/tags?post=1760"}],"curies":[{"name":"wp","href":"https:\/\/api.w.org\/{rel}","templated":true}]}}