{"id":1762,"date":"2022-05-27T21:52:36","date_gmt":"2022-05-27T20:52:36","guid":{"rendered":"https:\/\/blogs.hoy.es\/migas-canas\/?p=1762"},"modified":"2022-05-27T22:14:16","modified_gmt":"2022-05-27T21:14:16","slug":"lo-interesante","status":"publish","type":"post","link":"https:\/\/blogs.hoy.es\/migas-canas\/2022\/05\/27\/lo-interesante\/","title":{"rendered":"LO INTERESANTE"},"content":{"rendered":"<p>&nbsp;<\/p>\n<p><a href=\"https:\/\/static-blogs.hoy.es\/wp-content\/uploads\/sites\/8\/2022\/05\/DSC08715.jpg\"><img loading=\"lazy\" class=\" wp-image-1763 aligncenter\" src=\"https:\/\/static-blogs.hoy.es\/wp-content\/uploads\/sites\/8\/2022\/05\/DSC08715-300x200.jpg\" alt=\"\" width=\"560\" height=\"373\" srcset=\"https:\/\/static-blogs.hoy.es\/wp-content\/uploads\/sites\/8\/2022\/05\/DSC08715-300x200.jpg 300w, https:\/\/static-blogs.hoy.es\/wp-content\/uploads\/sites\/8\/2022\/05\/DSC08715-768x512.jpg 768w, https:\/\/static-blogs.hoy.es\/wp-content\/uploads\/sites\/8\/2022\/05\/DSC08715-1024x683.jpg 1024w, https:\/\/static-blogs.hoy.es\/wp-content\/uploads\/sites\/8\/2022\/05\/DSC08715.jpg 1500w\" sizes=\"(max-width: 560px) 100vw, 560px\" \/><\/a><\/p>\n<p>&nbsp;<\/p>\n<p>\u00c1ngel Gonz\u00e1lez, (se llama como el poeta), un jubilado al que conozco desde que se dedicaba\u00a0 a la visita m\u00e9dica, aficionado al cine, su padre proyectaba\u00a0 pel\u00edculas en el L\u00f3pez, como Alfredo en \u201cCinema Paradiso\u201d. \u00c1ngel\u00a0 me dijo un d\u00eda \u201cDiego, tienes que escribir en el peri\u00f3dico con m\u00e1s frecuencia y de cosas interesantes\u201d. Ahora en casa pienso a que se refer\u00eda con lo de cosas interesantes. Para m\u00ed lo\u00a0 importante son las tiendas del barrio, el kiosco de los peri\u00f3dicos, que por cierto ha cerrado igual que el de San Francisco, \u00c1ngel te vamos a echar de menos. Para m\u00ed lo prioritario es mi calle, el barrio, la ciudad, mis vecinos, el r\u00edo, \u00a1madre m\u00eda como est\u00e1 el r\u00edo! Para mi lo interesante es la cotidianidad, los hijos, la familia, los amigos de siempre, algunos nuevos, la fotograf\u00edas, las exposiciones, incluidas las m\u00edas aunque despierten poco inter\u00e9s, no importa, mejor que vender cuadros es\u00a0 lo divertidas que son las presentaciones de Arte Joven con Miguel \u00c1ngel y el grupo C\u00e1vea<\/p>\n<p><a href=\"https:\/\/static-blogs.hoy.es\/wp-content\/uploads\/sites\/8\/2022\/05\/DSC08730-2.jpg\"><img loading=\"lazy\" class=\" wp-image-1764 aligncenter\" src=\"https:\/\/static-blogs.hoy.es\/wp-content\/uploads\/sites\/8\/2022\/05\/DSC08730-2-300x200.jpg\" alt=\"\" width=\"560\" height=\"373\" srcset=\"https:\/\/static-blogs.hoy.es\/wp-content\/uploads\/sites\/8\/2022\/05\/DSC08730-2-300x200.jpg 300w, https:\/\/static-blogs.hoy.es\/wp-content\/uploads\/sites\/8\/2022\/05\/DSC08730-2-768x512.jpg 768w, https:\/\/static-blogs.hoy.es\/wp-content\/uploads\/sites\/8\/2022\/05\/DSC08730-2-1024x683.jpg 1024w, https:\/\/static-blogs.hoy.es\/wp-content\/uploads\/sites\/8\/2022\/05\/DSC08730-2.jpg 1500w\" sizes=\"(max-width: 560px) 100vw, 560px\" \/><\/a><\/p>\n<p>\u00bfQu\u00e9 es interesante? \u00bfGragera,Cabezas,Cadenas,Velez?, anda ya. Sobre Borges y Cervantes escriben otros, Pecellin Lancharro, que fue mi profesor, comenta libros, Tamayo y Li\u00f1an habla de pol\u00edtica, Caro y Pl\u00e1cido pone la poes\u00eda, Marabel la historia, Tinoco la cr\u00edtica, Ana Zafra y Agapito la iron\u00eda. Alberto Gonz\u00e1lez escudos, placas an\u00e9cdotas, L\u00f3pez Lago, Badajoz en construcci\u00f3n, tambi\u00e9n transportes alternativos.<\/p>\n<p><a href=\"https:\/\/static-blogs.hoy.es\/wp-content\/uploads\/sites\/8\/2022\/05\/DSC02480.jpg\"><img loading=\"lazy\" class=\" wp-image-1766 aligncenter\" src=\"https:\/\/static-blogs.hoy.es\/wp-content\/uploads\/sites\/8\/2022\/05\/DSC02480-300x200.jpg\" alt=\"\" width=\"513\" height=\"342\" srcset=\"https:\/\/static-blogs.hoy.es\/wp-content\/uploads\/sites\/8\/2022\/05\/DSC02480-300x200.jpg 300w, https:\/\/static-blogs.hoy.es\/wp-content\/uploads\/sites\/8\/2022\/05\/DSC02480-768x512.jpg 768w, https:\/\/static-blogs.hoy.es\/wp-content\/uploads\/sites\/8\/2022\/05\/DSC02480-1024x683.jpg 1024w, https:\/\/static-blogs.hoy.es\/wp-content\/uploads\/sites\/8\/2022\/05\/DSC02480.jpg 1500w\" sizes=\"(max-width: 513px) 100vw, 513px\" \/><\/a><\/p>\n<p>Mis musas son las cajeras, los camareros, los repartidores de glovo, los heterosexuales, los que toman vino de pitarra sin emborracharse, el que sube la bombona, los que viven solos, las sudamericanas que cuidan ancianos.<\/p>\n<p><a href=\"https:\/\/static-blogs.hoy.es\/wp-content\/uploads\/sites\/8\/2022\/05\/DSC02177.jpg\"><img loading=\"lazy\" class=\" wp-image-1767 aligncenter\" src=\"https:\/\/static-blogs.hoy.es\/wp-content\/uploads\/sites\/8\/2022\/05\/DSC02177-300x200.jpg\" alt=\"\" width=\"498\" height=\"332\" srcset=\"https:\/\/static-blogs.hoy.es\/wp-content\/uploads\/sites\/8\/2022\/05\/DSC02177-300x200.jpg 300w, https:\/\/static-blogs.hoy.es\/wp-content\/uploads\/sites\/8\/2022\/05\/DSC02177.jpg 375w\" sizes=\"(max-width: 498px) 100vw, 498px\" \/><\/a><\/p>\n<p>\u00bfQu\u00e9 es interesante?\u00a0 \u00bfValdeca\u00f1as? igual que Manzano se sali\u00f3 con la suya y tir\u00f3 el cubo, los ecologistas siguen erre que erre, sobre ello han escrito tribunas en el\u00a0 peri\u00f3dico entre otros Felipe Llerena que tambi\u00e9n fue mi profesor. \u00bfQu\u00e9 es interesante?, para m\u00ed lo interesante es el entusiasmo que pone \u00c1ngel\u00a0 cuando\u00a0 habla de cine,\u00a0 me dice que escriba m\u00e1s, aunque publicar m\u00e1s no sea responsabilidad del peri\u00f3dico es la falta de tiempo, las horas en el trabajo, mi ni\u00f1a aunque ella no me quita tiempo, me lo da,\u00a0 tardes en bicicleta, carreras en la Granadilla, mis libros de lectura, tambi\u00e9n de estudio, la fotograf\u00eda. \u00bfQu\u00e9 es lo interesante?, busco la sencillez en mis columnas desprendi\u00e9ndome de lastres, de adjetivos innecesarios, huyendo de modas, de lo que sale en la tele. Me interesan las peque\u00f1as cosas, el abuelo que pasea a su nieta, el ciego que vende cupones, y cuando estoy en el puente se me van la vista a lo peque\u00f1o, y en lugar de fijarme en la torre gigante del dinero se me van los ojos a esos candados de la barandilla con una fecha grabada, me gusta escribir lento, vivir lento, amar despacio&#8230;<\/p>\n<!-- AddThis Advanced Settings generic via filter on the_content --><!-- AddThis Share Buttons generic via filter on the_content -->","protected":false},"excerpt":{"rendered":"<p>&nbsp; &nbsp; \u00c1ngel Gonz\u00e1lez, (se llama como el poeta), un jubilado al que conozco desde que se dedicaba\u00a0 a la visita m\u00e9dica, aficionado al cine, su padre proyectaba\u00a0 pel\u00edculas en el L\u00f3pez, como Alfredo en \u201cCinema Paradiso\u201d. \u00c1ngel\u00a0 me dijo un d\u00eda \u201cDiego, tienes que escribir en el peri\u00f3dico con m\u00e1s frecuencia y de cosas [&hellip;]<!-- AddThis Advanced Settings generic via filter on get_the_excerpt --><!-- AddThis Share Buttons generic via filter on get_the_excerpt --><\/p>\n","protected":false},"author":10,"featured_media":1284,"comment_status":"open","ping_status":"closed","sticky":false,"template":"","format":"standard","meta":[],"categories":[2],"tags":[1599,38,1598,57,1387,1591,1594,1595,1447,1593,1597,1596,1600,1446,1592],"_links":{"self":[{"href":"https:\/\/blogs.hoy.es\/migas-canas\/wp-json\/wp\/v2\/posts\/1762"}],"collection":[{"href":"https:\/\/blogs.hoy.es\/migas-canas\/wp-json\/wp\/v2\/posts"}],"about":[{"href":"https:\/\/blogs.hoy.es\/migas-canas\/wp-json\/wp\/v2\/types\/post"}],"author":[{"embeddable":true,"href":"https:\/\/blogs.hoy.es\/migas-canas\/wp-json\/wp\/v2\/users\/10"}],"replies":[{"embeddable":true,"href":"https:\/\/blogs.hoy.es\/migas-canas\/wp-json\/wp\/v2\/comments?post=1762"}],"version-history":[{"count":3,"href":"https:\/\/blogs.hoy.es\/migas-canas\/wp-json\/wp\/v2\/posts\/1762\/revisions"}],"predecessor-version":[{"id":1770,"href":"https:\/\/blogs.hoy.es\/migas-canas\/wp-json\/wp\/v2\/posts\/1762\/revisions\/1770"}],"wp:featuredmedia":[{"embeddable":true,"href":"https:\/\/blogs.hoy.es\/migas-canas\/wp-json\/wp\/v2\/media\/1284"}],"wp:attachment":[{"href":"https:\/\/blogs.hoy.es\/migas-canas\/wp-json\/wp\/v2\/media?parent=1762"}],"wp:term":[{"taxonomy":"category","embeddable":true,"href":"https:\/\/blogs.hoy.es\/migas-canas\/wp-json\/wp\/v2\/categories?post=1762"},{"taxonomy":"post_tag","embeddable":true,"href":"https:\/\/blogs.hoy.es\/migas-canas\/wp-json\/wp\/v2\/tags?post=1762"}],"curies":[{"name":"wp","href":"https:\/\/api.w.org\/{rel}","templated":true}]}}