{"id":177,"date":"2012-10-31T15:40:18","date_gmt":"2012-10-31T14:40:18","guid":{"rendered":"http:\/\/blogs.hoy.es\/migas-canas\/?p=177"},"modified":"2012-10-31T15:40:18","modified_gmt":"2012-10-31T14:40:18","slug":"177","status":"publish","type":"post","link":"https:\/\/blogs.hoy.es\/migas-canas\/2012\/10\/31\/177\/","title":{"rendered":"AQUELLOS IDEALIZADOS A\u00d1OS"},"content":{"rendered":"<div id=\"attachment_178\" style=\"width: 288px\" class=\"wp-caption aligncenter\"><a href=\"\/migas-canas\/wp-content\/uploads\/sites\/8\/2012\/10\/FELIPE.jpg\"><img aria-describedby=\"caption-attachment-178\" loading=\"lazy\" class=\"size-full wp-image-178\" title=\"FELIPE\" src=\"\/migas-canas\/wp-content\/uploads\/sites\/8\/2012\/10\/FELIPE.jpg\" alt=\"comienzo de la democracia,\" width=\"278\" height=\"181\" \/><\/a><p id=\"caption-attachment-178\" class=\"wp-caption-text\">primeros pol\u00edticos<\/p><\/div>\n<p>Hace unos d\u00edas fui al paseo de <strong>San Francisco,<\/strong> en Badajoz. Record\u00e9 otros tiempos donde los<strong> bancos de azulejos<\/strong>, los veladores de los dos kioscos y <strong>el bordillo de la m\u00fasica<\/strong>, <strong>donde nadaban peces rojos<\/strong>, lo ocupaban los que so\u00f1aban con cambiar el pa\u00eds.<\/p>\n<p><strong>Algunos de aquellos se hicieron pol\u00edticos<\/strong> y fueron nombrados en las primeras elecciones, <strong>Todav\u00eda no se hab\u00edan afeitado la barba,ni sab\u00edan manejarse con soltura en una cata de vinos buenos y jam\u00f3n de varias j, ni conoc\u00edan la Visa Oro.<\/strong> Aquellos que no imaginaban que se defender\u00edan mejor navegando entre la ocenograf\u00eda de la carta de restaurantes de lujos que <strong>huyendo de la polic\u00eda con una mochila llena de panfletos<\/strong>. J\u00f3venes que llevaban debajo del brazo, como bandera de su ideolog\u00eda,\u00a0 discos de vinilo de <strong><a href=\"http:\/\/es.wikipedia.org\/wiki\/V%C3%ADctor_Jara\" rel=\"external nofollow\">Victor Jara<\/a><\/strong>, <a href=\"http:\/\/es.wikipedia.org\/wiki\/Paco_Ib%C3%A1%C3%B1ez\" rel=\"external nofollow\"><strong>Paco Iba\u00f1ez<\/strong> <\/a>y en la cabeza el tratado de <a href=\"http:\/\/es.wikipedia.org\/wiki\/Karl_Marx\" rel=\"external nofollow\">Marx<\/a>. Hombres y mujeres de tascas, de vino en vaso chico con aceitunas y altramuces que so\u00f1aban con un cambio social, ideas nuevas y progresistas que flu\u00edan con fuerza y que no relajaban ni el hachis prohibido que se fumaba entre la m\u00fasica de <strong><a href=\"http:\/\/es.wikipedia.org\/wiki\/Dire_Straits\" rel=\"external nofollow\">Dire Straits <\/a>y el Lago de Triana<\/strong>. <a href=\"\/migas-canas\/wp-content\/uploads\/sites\/8\/2012\/10\/SAN-FRANCISCO-DOS1.jpg\"><img loading=\"lazy\" class=\"aligncenter size-full wp-image-181\" title=\"SAN FRANCISCO DOS\" src=\"\/migas-canas\/wp-content\/uploads\/sites\/8\/2012\/10\/SAN-FRANCISCO-DOS1.jpg\" alt=\"\" width=\"270\" height=\"186\" \/><\/a>\u00a0J\u00f3venes para los que Francisco era <strong>San Paco<\/strong> y todav\u00eda no conoc\u00edan el tacto delicado y suave de las camisas de seda, ni los trajes hechos a medida y que paseaban, con descaro, peri\u00f3dicos como <strong>Triunfo o Cuadernos para el di\u00e1logo<\/strong>.<\/p>\n<p>Tambi\u00e9n estaban los otros, los que frecuentaban la <strong>plaza de los Alfereces<\/strong>, llevaban el <a href=\"http:\/\/es.wikipedia.org\/wiki\/El_Alc%C3%A1zar_(Espa%C3%B1a)\" rel=\"external nofollow\">Alcazar<\/a>, fumaban rubio americano, iban muy<strong> afeitados,planchados,encoloniados, empatillados, engominados y luchaban por seguir en el r\u00e9gimen<\/strong> de la mano de<a href=\"http:\/\/es.wikipedia.org\/wiki\/Blas_Pi%C3%B1ar\" rel=\"external nofollow\"> Blas Pi\u00f1ar<\/a>, muchos de ellos ya conoc\u00edan el brillo del lujo y quer\u00edan mantenerse en \u00e9l.<\/p>\n<p>Algunos de aquellos que se hicieron pol\u00edticos terminaron entrando en un mundo de tejemanejes olvidando de donde ven\u00edan.Pol\u00edticos que el tiempo acomodo en el poder y que <strong>han terminado con la ilusi\u00f3n de miles de ciudadanos<\/strong> que sal\u00edan a la calle despu\u00e9s de unas elecciones gritando <strong>libertad<\/strong> y que hoy est\u00e1n asqueados, no con el proyecto, pero si con con aquellos que abandonaron sus ideales cuando se encontraron con el chollo del <strong>Senado, el Cogreso, el Parlamento Europeo,Diputaciones, Concejal\u00edas, Asesor\u00edas, Subdireciones, chofer, dietas,pensiones vitalicias.<\/strong><\/p>\n<p>Ahora todo va muy r\u00e1pido,nos estamos quedando sin los logros sociales que tanto sudor cost\u00f3, se est\u00e1 viniendo abajo la sanidad y la educaci\u00f3n . Los ciudadanos sufren las decisiones de unos gobernantes que siguen engrandeciendose a costa de empeque\u00f1ecer a los d\u00e9biles.<\/p>\n<p>De nuevo, muchachos barbados y desali\u00f1ados, se concentran en la puerta del sol y las delegaciones de gobierno exigiendo un cambio.Quizas haga falta gente nueva ahora, que seg\u00fan las encuestas, <strong>los pol\u00edticos son un problema m\u00e1s que una soluci\u00f3n.<\/strong><\/p>\n<!-- AddThis Advanced Settings generic via filter on the_content --><!-- AddThis Share Buttons generic via filter on the_content -->","protected":false},"excerpt":{"rendered":"<p>Hace unos d\u00edas fui al paseo de San Francisco, en Badajoz. Record\u00e9 otros tiempos donde los bancos de azulejos, los veladores de los dos kioscos y el bordillo de la m\u00fasica, donde nadaban peces rojos, lo ocupaban los que so\u00f1aban con cambiar el pa\u00eds. Algunos de aquellos se hicieron pol\u00edticos y fueron nombrados en las [&hellip;]<!-- AddThis Advanced Settings generic via filter on get_the_excerpt --><!-- AddThis Share Buttons generic via filter on get_the_excerpt --><\/p>\n","protected":false},"author":10,"featured_media":0,"comment_status":"open","ping_status":"closed","sticky":false,"template":"","format":"standard","meta":[],"categories":[2],"tags":[99,124,326,367,703,785,923,941,944,1010,1036,1037,1072,1081],"_links":{"self":[{"href":"https:\/\/blogs.hoy.es\/migas-canas\/wp-json\/wp\/v2\/posts\/177"}],"collection":[{"href":"https:\/\/blogs.hoy.es\/migas-canas\/wp-json\/wp\/v2\/posts"}],"about":[{"href":"https:\/\/blogs.hoy.es\/migas-canas\/wp-json\/wp\/v2\/types\/post"}],"author":[{"embeddable":true,"href":"https:\/\/blogs.hoy.es\/migas-canas\/wp-json\/wp\/v2\/users\/10"}],"replies":[{"embeddable":true,"href":"https:\/\/blogs.hoy.es\/migas-canas\/wp-json\/wp\/v2\/comments?post=177"}],"version-history":[{"count":0,"href":"https:\/\/blogs.hoy.es\/migas-canas\/wp-json\/wp\/v2\/posts\/177\/revisions"}],"wp:attachment":[{"href":"https:\/\/blogs.hoy.es\/migas-canas\/wp-json\/wp\/v2\/media?parent=177"}],"wp:term":[{"taxonomy":"category","embeddable":true,"href":"https:\/\/blogs.hoy.es\/migas-canas\/wp-json\/wp\/v2\/categories?post=177"},{"taxonomy":"post_tag","embeddable":true,"href":"https:\/\/blogs.hoy.es\/migas-canas\/wp-json\/wp\/v2\/tags?post=177"}],"curies":[{"name":"wp","href":"https:\/\/api.w.org\/{rel}","templated":true}]}}